{"id":3634,"date":"2026-09-03T12:31:00","date_gmt":"2026-09-03T10:31:00","guid":{"rendered":"https:\/\/www.radioribelle.it\/?p=3634"},"modified":"2026-09-02T16:23:09","modified_gmt":"2026-09-02T14:23:09","slug":"le-modifiche-al-transito-veicolare-per-la-corricastello-domenica-6-settembre","status":"publish","type":"post","link":"https:\/\/www.radioribelle.it\/index.php\/2026\/09\/03\/le-modifiche-al-transito-veicolare-per-la-corricastello-domenica-6-settembre\/","title":{"rendered":"Le modifiche al transito veicolare per la \u201cCorriCastello\u201d domenica 6 settembre"},"content":{"rendered":"\n<div class=\"wp-block-image\"><figure class=\"alignright size-large is-resized\"><img loading=\"lazy\" src=\"https:\/\/www.radioribelle.it\/wp-content\/uploads\/2026\/09\/Polizia-Locale-1-1024x768.jpeg\" alt=\"\" class=\"wp-image-3637\" width=\"263\" height=\"197\" srcset=\"https:\/\/www.radioribelle.it\/wp-content\/uploads\/2026\/09\/Polizia-Locale-1-1024x768.jpeg 1024w, https:\/\/www.radioribelle.it\/wp-content\/uploads\/2026\/09\/Polizia-Locale-1-300x225.jpeg 300w, https:\/\/www.radioribelle.it\/wp-content\/uploads\/2026\/09\/Polizia-Locale-1-768x576.jpeg 768w, https:\/\/www.radioribelle.it\/wp-content\/uploads\/2026\/09\/Polizia-Locale-1-1536x1152.jpeg 1536w, https:\/\/www.radioribelle.it\/wp-content\/uploads\/2026\/09\/Polizia-Locale-1-619x464.jpeg 619w, https:\/\/www.radioribelle.it\/wp-content\/uploads\/2026\/09\/Polizia-Locale-1.jpeg 2048w\" sizes=\"(max-width: 263px) 100vw, 263px\" \/><\/figure><\/div>\n\n\n\n<p>Domenica 6 settembre si svolger\u00e0 nel capoluogo di Citt\u00e0 di Castello la terza edizione della \u201cCorriCastello\u201d, la manifestazione promossa dal Marathon Club, con il patrocinio del Comune, che \u00e8 rivolta a podisti di tutte le et\u00e0 e che quest\u2019anno devolver\u00e0 i proventi in favore del comitato tifernate della Croce Rossa Italiana.<\/p>\n\n\n\n<!--more-->\n\n\n\n<p> L\u2019evento prevede un percorso di 8 chilometri, sia in versione competitiva che non competitiva, con un itinerario che interesser\u00e0 il centro storico e i quartieri della periferia. Il ritrovo per tutti i partecipanti sar\u00e0 in piazza Matteotti alle ore 8.00. La partenza delle gare giovanili \u00e8 prevista alle ore 9.00, mentre alle ore 10.00 prenderanno il via le prove riservate agli adulti. Il comando della Polizia Locale ha emesso un\u2019ordinanza finalizzata a garantire lo svolgimento in sicurezza dell\u2019evento, che dalle ore 9.00 fino alle ore 11.30 di domenica 6 settembre, e comunque fino al termine della gara podistica, al momento del passaggio dei partecipanti, vieter\u00e0 la circolazione a tutti i veicoli lungo le vie e nelle piazze cittadine interessate dal percorso della gara, con divieto d\u2019immissione dalle traverse laterali. Nel dettaglio, il divieto di transito riguarder\u00e0 piazza Matteotti; corso Vittorio Emanuele; piazza Santa Maria Maggiore; via Borgo Farinario; via Oberdan; largo Monsignor Muzi; via Signorelli; via del Cavaliere; via dei Casceri; via della Pendinella; piazza Gabriotti; via Cacciatori del Tevere; via Borgo Inferiore; via Marchesani; viale Sauro; viale Europa; via della Barca; via Zampini; via Diaz; viale Moncenisio; via del Polacchino; via Spluga; viale Sempione; via Malfatti; via Engels; via Togliatti; via delle Terme; via Alighieri; via Martiri della Libert\u00e0; via Bacinelli; via Torregiani; via Collodi; via Pirandello; via Pierucci; via Rignaldello.<\/p>\n","protected":false},"excerpt":{"rendered":"<p>Domenica 6 settembre si svolger\u00e0 nel capoluogo di Citt\u00e0 di Castello la terza edizione della \u201cCorriCastello\u201d, la manifestazione promossa dal Marathon Club, con il patrocinio del Comune, che \u00e8 rivolta a podisti di tutte le et\u00e0 e che quest\u2019anno devolver\u00e0 i proventi in favore del comitato tifernate della Croce Rossa Italiana.<\/p>\n","protected":false},"author":1,"featured_media":0,"comment_status":"closed","ping_status":"closed","sticky":false,"template":"","format":"standard","meta":[],"categories":[1],"tags":[],"_links":{"self":[{"href":"https:\/\/www.radioribelle.it\/index.php\/wp-json\/wp\/v2\/posts\/3634"}],"collection":[{"href":"https:\/\/www.radioribelle.it\/index.php\/wp-json\/wp\/v2\/posts"}],"about":[{"href":"https:\/\/www.radioribelle.it\/index.php\/wp-json\/wp\/v2\/types\/post"}],"author":[{"embeddable":true,"href":"https:\/\/www.radioribelle.it\/index.php\/wp-json\/wp\/v2\/users\/1"}],"replies":[{"embeddable":true,"href":"https:\/\/www.radioribelle.it\/index.php\/wp-json\/wp\/v2\/comments?post=3634"}],"version-history":[{"count":1,"href":"https:\/\/www.radioribelle.it\/index.php\/wp-json\/wp\/v2\/posts\/3634\/revisions"}],"predecessor-version":[{"id":3638,"href":"https:\/\/www.radioribelle.it\/index.php\/wp-json\/wp\/v2\/posts\/3634\/revisions\/3638"}],"wp:attachment":[{"href":"https:\/\/www.radioribelle.it\/index.php\/wp-json\/wp\/v2\/media?parent=3634"}],"wp:term":[{"taxonomy":"category","embeddable":true,"href":"https:\/\/www.radioribelle.it\/index.php\/wp-json\/wp\/v2\/categories?post=3634"},{"taxonomy":"post_tag","embeddable":true,"href":"https:\/\/www.radioribelle.it\/index.php\/wp-json\/wp\/v2\/tags?post=3634"}],"curies":[{"name":"wp","href":"https:\/\/api.w.org\/{rel}","templated":true}]}}