{"id":3645,"date":"2026-09-03T08:36:00","date_gmt":"2026-09-03T06:36:00","guid":{"rendered":"https:\/\/www.radioribelle.it\/?p=3645"},"modified":"2026-09-02T16:19:15","modified_gmt":"2026-09-02T14:19:15","slug":"bardeggia-70-la-nascita-di-un-linguaggio","status":"publish","type":"post","link":"https:\/\/www.radioribelle.it\/index.php\/2026\/09\/03\/bardeggia-70-la-nascita-di-un-linguaggio\/","title":{"rendered":"\u201cBardeggia 70. La nascita di un linguaggio&#8221;"},"content":{"rendered":"\n<div class=\"wp-block-image\"><figure class=\"aligncenter size-large is-resized\"><img loading=\"lazy\" src=\"https:\/\/www.radioribelle.it\/wp-content\/uploads\/2026\/09\/foto_3_-_Bardeggia_70-1024x685.jpg\" alt=\"\" class=\"wp-image-3646\" width=\"448\" height=\"299\" srcset=\"https:\/\/www.radioribelle.it\/wp-content\/uploads\/2026\/09\/foto_3_-_Bardeggia_70-1024x685.jpg 1024w, https:\/\/www.radioribelle.it\/wp-content\/uploads\/2026\/09\/foto_3_-_Bardeggia_70-300x201.jpg 300w, https:\/\/www.radioribelle.it\/wp-content\/uploads\/2026\/09\/foto_3_-_Bardeggia_70-768x514.jpg 768w, https:\/\/www.radioribelle.it\/wp-content\/uploads\/2026\/09\/foto_3_-_Bardeggia_70-1536x1027.jpg 1536w, https:\/\/www.radioribelle.it\/wp-content\/uploads\/2026\/09\/foto_3_-_Bardeggia_70-619x414.jpg 619w, https:\/\/www.radioribelle.it\/wp-content\/uploads\/2026\/09\/foto_3_-_Bardeggia_70.jpg 1600w\" sizes=\"(max-width: 448px) 100vw, 448px\" \/><\/figure><\/div>\n\n\n\n<p>CITERNA \u2013 Dal 13 settembre al 30 ottobre 2026\u00a0Palazzo Tani, in via della Borgata a Fighille di Citerna (PG), ospita\u00a0<em>\u201cBardeggia 70. La nascita di un linguaggio\u201d<\/em>, mostra di\u00a0Guerrino Bardeggia\u00a0che costituisce una delle iniziative collaterali del 43\u00b0 Premio Nazionale di Pittura \u201cFighille Arte\u201d.<\/p>\n\n\n\n<!--more-->\n\n\n\n<p>L\u2019evento espositivo, organizzato dal\u00a0Piccolomuseo di Fighille\u00a0e reso possibile grazie al contributo di\u00a0Gruppo Alimentare Valtiberino,\u00a0Erbamea,\u00a0Banca di Anghiari e Stia\u00a0e\u00a0Synergie, \u00e8 visitabile a ingresso gratuito nei fine settimana.<\/p>\n\n\n\n<p> LA MOSTRA<\/p>\n\n\n\n<p>Un Bardeggia inatteso e sorprendente a Palazzo Tani, una delle tre sedi del Piccolomuseo di Fighille, centro diffuso per l\u2019arte contemporanea. In esposizione lavori giovanili, risalenti in gran parte agli anni Settanta, quasi inediti e sconosciuti ai pi\u00f9, nei quali \u00e8 gi\u00e0 possibile distinguere intuizioni, segni e atmosfere che troveranno piena espressione nelle grandi opere della maturit\u00e0. Un percorso pensato per raccontare la nascita dell\u2019originale stile dell\u2019artista di Gabicce Mare. Attraverso opere raramente esposte, si potranno ripercorrere gli anni degli esordi, intuendo la costruzione di quel linguaggio che, dai primi anni Ottanta, diventer\u00e0 la sua cifra espressiva pi\u00f9 autentica e riconoscibile. Nelle sale di Palazzo Tani le opere entrano in dialogo con alcuni grandi cicli pittorici di Bardeggia, oggi custoditi in permanenza al Piccolomuseo, offrendo per la prima volta una lettura completa dell\u2019evoluzione artistica del maestro marchigiano.<\/p>\n\n\n\n<p>BREVE BIOGRAFIA Guerrino Bardeggia nasce a\u00a0Gabicce Mare (PU) nel 1937. Pittore, disegnatore, ceramista e scultore, \u00e8 ricordato come uno degli artisti pi\u00f9 prolifici e influenti della seconda met\u00e0 del Novecento in quel territorio che comprende le Marche settentrionali e la Romagna meridionale. Dopo la formazione alla Scuola del Libro di Urbino, Bardeggia intraprende una fortunata carriera che lo porta a esporre in spazi prestigiosi, in Italia e all\u2019estero. Accanto a un\u2019azione figurativa di matrice espressionista, proiettata all\u2019interpretazione iconica e simbolica di tematiche poetiche e spirituali, nelle opere dell\u2019artista gabiccese si evidenziano sia una forte tensione visionaria, culminante in paesaggi informali di pura interiorit\u00e0, sia una profonda indagine sul dolore umano, che diventa un mezzo di elevazione e redenzione. Nascono cos\u00ec i cicli dedicati alle Sacre Scritture e alla Divina Commedia di Dante.<\/p>\n\n\n\n<p>Dopo una lunga malattia, Guerrino Bardeggia si spegne nella sua Gabicce Mare nel 2004. Dieci anni dopo, nel 2014, Castel Sismondo di Rimini ospita una grande retrospettiva dal titolo\u00a0<em>\u201cPoemi del fuoco e della luce\u201d<\/em>. Oggi le opere dell\u2019artista marchigiano fanno parte di collezioni private e pubbliche, pinacoteche ed edifici religiosi di tutta Italia. Da ricordare il MIC di Faenza (RA), la Chiesa di San Giuseppe di Gradara (PU) e la Chiesa di San Benedetto a Cattolica (RN). La sua arte \u00e8 documentata in significativi cataloghi e monografie. Un capitolo a parte merita il legame di Bardeggia con il Piccolomuseo di Fighille. Nel 2024 la famiglia del maestro dona al centro diffuso per l\u2019arte contemporanea tre cicli dedicati al sacro:\u00a0<em>\u201cGenesi\u201d<\/em>,\u00a0<em>\u201cVita di Cristo\u201d<\/em>\u00a0e\u00a0<em>\u201cApocalisse\u201d<\/em>. Nel 2025 il Piccolomuseo viene scelto per la conservazione temporanea dell\u2019intero Archivio Bardeggia. Nel 2026 i\u00a0<em>\u201cMisteri del Rosario\u201d<\/em>, realizzati dall\u2019artista nel 1985, sono esposti nei cori della Chiesa di San Francesco e della Chiesa di San Michele Arcangelo di Citerna. L\u2019operazione segna l\u2019avvio di un pi\u00f9 ampio progetto di valorizzazione dell\u2019archivio attraverso eventi artistici e culturali periodici.<\/p>\n","protected":false},"excerpt":{"rendered":"<p>CITERNA \u2013 Dal 13 settembre al 30 ottobre 2026\u00a0Palazzo Tani, in via della Borgata a Fighille di Citerna (PG), ospita\u00a0\u201cBardeggia 70. La nascita di un linguaggio\u201d, mostra di\u00a0Guerrino Bardeggia\u00a0che costituisce una delle iniziative collaterali del 43\u00b0 Premio Nazionale di Pittura \u201cFighille Arte\u201d.<\/p>\n","protected":false},"author":1,"featured_media":0,"comment_status":"closed","ping_status":"closed","sticky":false,"template":"","format":"standard","meta":[],"categories":[1],"tags":[],"_links":{"self":[{"href":"https:\/\/www.radioribelle.it\/index.php\/wp-json\/wp\/v2\/posts\/3645"}],"collection":[{"href":"https:\/\/www.radioribelle.it\/index.php\/wp-json\/wp\/v2\/posts"}],"about":[{"href":"https:\/\/www.radioribelle.it\/index.php\/wp-json\/wp\/v2\/types\/post"}],"author":[{"embeddable":true,"href":"https:\/\/www.radioribelle.it\/index.php\/wp-json\/wp\/v2\/users\/1"}],"replies":[{"embeddable":true,"href":"https:\/\/www.radioribelle.it\/index.php\/wp-json\/wp\/v2\/comments?post=3645"}],"version-history":[{"count":1,"href":"https:\/\/www.radioribelle.it\/index.php\/wp-json\/wp\/v2\/posts\/3645\/revisions"}],"predecessor-version":[{"id":3647,"href":"https:\/\/www.radioribelle.it\/index.php\/wp-json\/wp\/v2\/posts\/3645\/revisions\/3647"}],"wp:attachment":[{"href":"https:\/\/www.radioribelle.it\/index.php\/wp-json\/wp\/v2\/media?parent=3645"}],"wp:term":[{"taxonomy":"category","embeddable":true,"href":"https:\/\/www.radioribelle.it\/index.php\/wp-json\/wp\/v2\/categories?post=3645"},{"taxonomy":"post_tag","embeddable":true,"href":"https:\/\/www.radioribelle.it\/index.php\/wp-json\/wp\/v2\/tags?post=3645"}],"curies":[{"name":"wp","href":"https:\/\/api.w.org\/{rel}","templated":true}]}}