{"id":3649,"date":"2026-09-03T10:20:00","date_gmt":"2026-09-03T08:20:00","guid":{"rendered":"https:\/\/www.radioribelle.it\/?p=3649"},"modified":"2026-09-02T16:22:57","modified_gmt":"2026-09-02T14:22:57","slug":"al-via-il-cinquantesimo-della-biennale-europea-darte-fabbrile-di-stia","status":"publish","type":"post","link":"https:\/\/www.radioribelle.it\/index.php\/2026\/09\/03\/al-via-il-cinquantesimo-della-biennale-europea-darte-fabbrile-di-stia\/","title":{"rendered":"AL VIA IL CINQUANTESIMO DELLA BIENNALE EUROPEA D\u2019ARTE FABBRILE DI STIA"},"content":{"rendered":"\n<div class=\"wp-block-image\"><figure class=\"aligncenter size-large is-resized\"><img loading=\"lazy\" src=\"https:\/\/www.radioribelle.it\/wp-content\/uploads\/2026\/09\/biennale2025_ph_carlo_gabrielli-1024x682.jpeg\" alt=\"\" class=\"wp-image-3650\" width=\"350\" height=\"233\" srcset=\"https:\/\/www.radioribelle.it\/wp-content\/uploads\/2026\/09\/biennale2025_ph_carlo_gabrielli-1024x682.jpeg 1024w, https:\/\/www.radioribelle.it\/wp-content\/uploads\/2026\/09\/biennale2025_ph_carlo_gabrielli-300x200.jpeg 300w, https:\/\/www.radioribelle.it\/wp-content\/uploads\/2026\/09\/biennale2025_ph_carlo_gabrielli-768x512.jpeg 768w, https:\/\/www.radioribelle.it\/wp-content\/uploads\/2026\/09\/biennale2025_ph_carlo_gabrielli-1536x1023.jpeg 1536w, https:\/\/www.radioribelle.it\/wp-content\/uploads\/2026\/09\/biennale2025_ph_carlo_gabrielli-619x412.jpeg 619w, https:\/\/www.radioribelle.it\/wp-content\/uploads\/2026\/09\/biennale2025_ph_carlo_gabrielli.jpeg 1600w\" sizes=\"(max-width: 350px) 100vw, 350px\" \/><\/figure><\/div>\n\n\n\n<p><em>Venerd\u00ec 4 settembre si accendono le forge: inaugurazione ufficiale, lavorazioni dal vivo, museo, memoria e musica per aprire tre giorni dedicati ai 50 anni della manifestazione<\/em><\/p>\n\n\n\n<!--more-->\n\n\n\n<p>Stia\u00a0torna a essere la capitale internazionale del ferro battuto.\u00a0Venerd\u00ec 4 settembre\u00a0prende il via il\u00a0cinquantesimo anniversario della Biennale Europea d\u2019Arte Fabbrile, che\u00a0fino a domenica 6 settembre\u00a0animer\u00e0 il borgo del Casentino con forgiatura dal vivo, incontri, arte contemporanea, laboratori, musica e iniziative diffuse. La manifestazione celebra una storia iniziata nel 1976 con la prima Mostra Mercato Nazionale del Ferro Battuto, nata per valorizzare la tradizione secolare della forgiatura nel Casentino. Da allora la manifestazione \u00e8 cresciuta fino a trasformare periodicamente le strade e le piazze di Stia in una grande fucina a cielo aperto e in un luogo d\u2019incontro per maestri, artisti e appassionati provenienti da tutto il mondo.<\/p>\n\n\n\n<p>Venerd\u00ec 4,\u00a0giornata inaugurale, comincer\u00e0 alle 8 in Piazza Mazzini con l\u2019apertura dei lavori dei fabbri che forgeranno dal vivo\u00a0il nuovo cancello d\u2019ingresso dell\u2019area verde della S.T.I.A.\u00a0(School Training Iron &amp; Arts) Accademy.\u00a0L\u2019opera prender\u00e0 forma a partire dal disegno vincitore del 10\u00b0 Concorso Internazionale di Progettazione e Disegno \u201cPier Luigi della Bordella\u201d della Biennale 2025.<\/p>\n\n\n\n<p>Alle 10.30, in Piazza Tanucci, si terr\u00e0 la cerimonia ufficiale di inaugurazione\u00a0del 50\u00b0 anniversario della Biennale Europea d\u2019Arte Fabbrile alla presenza del Sindaco di Pratovecchio Stia Luca Santini e di tutti i protagonisti della Biennale.<\/p>\n\n\n\n<p>Nel pomeriggio, alle 17, il Teatro Comunale di Piazza Mazzini ospiter\u00e0 la conferenza\u00a0\u201c50 anni di Fuoco\u2026 tra incudine e martello\u201d: un racconto della storia della manifestazione con la partecipazione di fabbri che hanno preso parte alle passate edizioni della Biennale.<\/p>\n\n\n\n<p>Inoltre, dalle 10 alle 13 e dalle 16 alle 19 al Lanificio di Stia sar\u00e0 aperto il\u00a0Museo del Ferro Battuto, dove il pubblico potr\u00e0 incontrare la storia, le opere e i protagonisti della tradizione fabbrile di Stia. La prima giornata si concluder\u00e0 alle 21 in Piazza Tanucci con una serata musicale. Tra le principali novit\u00e0 di questo Cinquantesimo c\u2019\u00e8 il nuovo\u00a0Percorso d\u2019Arte diffuso, che attraversa Stia e si estende fino a Porciano, Papiano, Ama e Pratovecchio. L\u2019itinerario riunisce 45 opere realizzate nelle edizioni della Biennale che vanno dal 1999 al 2025 da fabbri, scultori e artisti provenienti da 12 Paesi: Italia, Francia, Ucraina, Russia, Israele, Inghilterra, Finlandia, Repubblica Ceca, Germania, Stati Uniti, Belgio e Giappone. Un progetto che porta l\u2019arte oltre gli spazi espositivi tradizionali e rafforza il dialogo tra ferro, paesaggio, borghi e comunit\u00e0.\u00a0Tra le opere spicca quella realizzata dai Maestri Fabbri Roberto Magni e Martino Stenico e ispirata al \u201cTerzo Paradiso\u201d di Michelangelo Pistoletto, la cui inaugurazione ufficiale si terr\u00e0 sabato 5 settembre al Parco delle Terme del Palagio Fiorentino dopo il convegno che si tiene alle 17 al Teatro Comunale.<\/p>\n\n\n\n<p>Per tutta la giornata (dalle 8 alle 17 e dalle 19 alle 22) entrer\u00e0 nel vivo anche\u00a0\u201cFucine Aperte\u201d. Sei forge saranno attive con i fabbri\u00a0che realizzeranno dal vivo opere e oggetti ispirati alla memoria, all\u2019identit\u00e0 e all\u2019evoluzione dei cinquant\u2019anni della Biennale. Le creazioni saranno esposte in un\u2019area dedicata durante la manifestazione. Il programma del Cinquantesimo proseguir\u00e0\u00a0sabato 5 settembre\u00a0con incontri dedicati a Europa, territorio e cultura, laboratori gratuiti di forgiatura per bambini e la presentazione dell\u2019opera realizzata dai Maestri Fabbri dedicata e ispirata al \u201cTerzo Paradiso\u201d di Michelangelo Pistoletto. Dopo l\u2019incontro alle 17 al Teatro Comunale, l\u2019opera sar\u00e0 inaugurata ufficialmente alle 18 al Parco delle Terme del Palagio Fiorentino ed entrer\u00e0 nella collezione permanente del Comune di Pratovecchio Stia.<\/p>\n\n\n\n<p>Domenica 6 settembre\u00a0in programma anche la donazione della Croce realizzata dal festival U\u017eventis Mene (Lituania) alla Parrocchia di Stia. Si potr\u00e0 inoltre scoprire il Percorso d\u2019Arte diffuso nel borgo e la cerimonia conclusiva con la presentazione della XXVII Biennale Europea d\u2019Arte Fabbrile 2027. Durante tutto il fine settimana, nel centro del paese, saranno inoltre attivi il Villaggio Gastronomico e l\u2019InfoPoint della Biennale. Il cinquantesimo della Biennale Europea d\u2019Arte Fabbrile di Stia \u00e8 realizzato dall\u2019Associazione Biennale d\u2019Arte Fabbrile e il Comune di Pratovecchio Stia, in collaborazione con\u00a0Regione Toscana, Parco Nazionale delle Foreste Casentinesi, Monte Falterona e Campigna, Camera di Commercio di Arezzo-Siena e BCC Banca di Anghiari e Stia,\u00a0con il patrocinio\u00a0della Provincia di Arezzo, di Confartigianato Imprese Arezzo, CNA Arezzo. La manifestazione si svolge anche grazie al sostegno di\u00a0Freschi &amp; Vangelisti Srl, I Tre Magi, Miniconf S.p.A., Polistamp, TACS, Eco Trade, Unicoop Firenze.<\/p>\n","protected":false},"excerpt":{"rendered":"<p>Venerd\u00ec 4 settembre si accendono le forge: inaugurazione ufficiale, lavorazioni dal vivo, museo, memoria e musica per aprire tre giorni dedicati ai 50 anni della manifestazione<\/p>\n","protected":false},"author":1,"featured_media":0,"comment_status":"closed","ping_status":"closed","sticky":false,"template":"","format":"standard","meta":[],"categories":[1],"tags":[],"_links":{"self":[{"href":"https:\/\/www.radioribelle.it\/index.php\/wp-json\/wp\/v2\/posts\/3649"}],"collection":[{"href":"https:\/\/www.radioribelle.it\/index.php\/wp-json\/wp\/v2\/posts"}],"about":[{"href":"https:\/\/www.radioribelle.it\/index.php\/wp-json\/wp\/v2\/types\/post"}],"author":[{"embeddable":true,"href":"https:\/\/www.radioribelle.it\/index.php\/wp-json\/wp\/v2\/users\/1"}],"replies":[{"embeddable":true,"href":"https:\/\/www.radioribelle.it\/index.php\/wp-json\/wp\/v2\/comments?post=3649"}],"version-history":[{"count":1,"href":"https:\/\/www.radioribelle.it\/index.php\/wp-json\/wp\/v2\/posts\/3649\/revisions"}],"predecessor-version":[{"id":3651,"href":"https:\/\/www.radioribelle.it\/index.php\/wp-json\/wp\/v2\/posts\/3649\/revisions\/3651"}],"wp:attachment":[{"href":"https:\/\/www.radioribelle.it\/index.php\/wp-json\/wp\/v2\/media?parent=3649"}],"wp:term":[{"taxonomy":"category","embeddable":true,"href":"https:\/\/www.radioribelle.it\/index.php\/wp-json\/wp\/v2\/categories?post=3649"},{"taxonomy":"post_tag","embeddable":true,"href":"https:\/\/www.radioribelle.it\/index.php\/wp-json\/wp\/v2\/tags?post=3649"}],"curies":[{"name":"wp","href":"https:\/\/api.w.org\/{rel}","templated":true}]}}