{"id":3652,"date":"2026-09-03T09:25:00","date_gmt":"2026-09-03T07:25:00","guid":{"rendered":"https:\/\/www.radioribelle.it\/?p=3652"},"modified":"2026-09-02T16:26:59","modified_gmt":"2026-09-02T14:26:59","slug":"feste-del-palio-2026-sansepolcro-entra-nel-vivo-della-sua-tradizione","status":"publish","type":"post","link":"https:\/\/www.radioribelle.it\/index.php\/2026\/09\/03\/feste-del-palio-2026-sansepolcro-entra-nel-vivo-della-sua-tradizione\/","title":{"rendered":"Feste del Palio 2026: Sansepolcro entra nel vivo della sua tradizione"},"content":{"rendered":"\n<div class=\"wp-block-image\"><figure class=\"alignleft size-large is-resized\"><img loading=\"lazy\" src=\"https:\/\/www.radioribelle.it\/wp-content\/uploads\/2026\/09\/Pres-drappo-1-768x1024.jpeg\" alt=\"\" class=\"wp-image-3653\" width=\"209\" height=\"279\" srcset=\"https:\/\/www.radioribelle.it\/wp-content\/uploads\/2026\/09\/Pres-drappo-1-768x1024.jpeg 768w, https:\/\/www.radioribelle.it\/wp-content\/uploads\/2026\/09\/Pres-drappo-1-225x300.jpeg 225w, https:\/\/www.radioribelle.it\/wp-content\/uploads\/2026\/09\/Pres-drappo-1-1152x1536.jpeg 1152w, https:\/\/www.radioribelle.it\/wp-content\/uploads\/2026\/09\/Pres-drappo-1-1536x2048.jpeg 1536w, https:\/\/www.radioribelle.it\/wp-content\/uploads\/2026\/09\/Pres-drappo-1-619x825.jpeg 619w, https:\/\/www.radioribelle.it\/wp-content\/uploads\/2026\/09\/Pres-drappo-1-scaled.jpeg 1920w\" sizes=\"(max-width: 209px) 100vw, 209px\" \/><\/figure><\/div>\n\n\n\n<p>Sono ufficialmente iniziate le Feste del Palio 2026, il periodo dell\u2019anno in cui Sansepolcro torna a vivere con particolare intensit\u00e0 le proprie tradizioni, attraverso appuntamenti che uniscono storia, partecipazione e identit\u00e0 cittadina.A segnare l\u2019avvio delle Feste sono stati due momenti profondamente legati alla tradizione balestriera del Borgo: la presentazione del Drappo del Palio della Balestra 2026 e il Palio di Sant\u2019Egidio<\/p>\n\n\n\n<!--more-->\n\n\n\n<p>Nella Sala del Consiglio di Palazzo delle Laudi \u00e8 stato svelato il drappo che sar\u00e0 conteso domenica 13 settembre in Piazza Torre di Berta. L\u2019opera \u00e8 stata realizzata dall\u2019artista Carlo Trevisan ed \u00e8 dedicata a San Francesco, in occasione dell\u2019800\u00b0 anniversario della sua morte. Un drappo ricco di simbologie, presentato alla presenza dell\u2019Amministrazione comunale e dei rappresentanti della Societ\u00e0 Balestrieri di Sansepolcro, che accompagner\u00e0 uno dei momenti pi\u00f9 importanti e attesi dell\u2019intero calendario cittadino. La tradizione \u00e8 poi tornata protagonista al Campo di Tiro \u201cLuigi Batti\u201d con il Palio di Sant\u2019Egidio, appuntamento dedicato al tiro dei cittadini e in collaborazione con i Balestrieri. Una serata che permette alla comunit\u00e0 di avvicinarsi direttamente all\u2019antica arte della balestra e che rappresenta ogni anno uno dei momenti pi\u00f9 partecipati dell\u2019avvio delle Feste. Al termine della gara sul corniolo, il Palio di Sant\u2019Egidio 2026 \u00e8 stato conquistato da Leo Cima, seguito da Silvio Panichi, secondo classificato, e Gianluca Baldi, terzo. Due appuntamenti diversi ma accomunati dallo stesso spirito: quello di una citt\u00e0 che non si limita a conservare le proprie tradizioni, ma continua a viverle e a tramandarle attraverso la partecipazione della comunit\u00e0. Con la presentazione del Drappo e il Palio di Sant\u2019Egidio, Sansepolcro \u00e8 dunque entrata ufficialmente nel clima delle Feste del Palio 2026, che nei prossimi giorni accompagneranno cittadini e visitatori verso il grande appuntamento del Palio della Balestra di domenica 13 settembre.<\/p>\n","protected":false},"excerpt":{"rendered":"<p>Sono ufficialmente iniziate le Feste del Palio 2026, il periodo dell\u2019anno in cui Sansepolcro torna a vivere con particolare intensit\u00e0 le proprie tradizioni, attraverso appuntamenti che uniscono storia, partecipazione e identit\u00e0 cittadina.A segnare l\u2019avvio delle Feste sono stati due momenti profondamente legati alla tradizione balestriera del Borgo: la presentazione del Drappo del Palio della Balestra [&hellip;]<\/p>\n","protected":false},"author":1,"featured_media":0,"comment_status":"closed","ping_status":"closed","sticky":false,"template":"","format":"standard","meta":[],"categories":[1],"tags":[],"_links":{"self":[{"href":"https:\/\/www.radioribelle.it\/index.php\/wp-json\/wp\/v2\/posts\/3652"}],"collection":[{"href":"https:\/\/www.radioribelle.it\/index.php\/wp-json\/wp\/v2\/posts"}],"about":[{"href":"https:\/\/www.radioribelle.it\/index.php\/wp-json\/wp\/v2\/types\/post"}],"author":[{"embeddable":true,"href":"https:\/\/www.radioribelle.it\/index.php\/wp-json\/wp\/v2\/users\/1"}],"replies":[{"embeddable":true,"href":"https:\/\/www.radioribelle.it\/index.php\/wp-json\/wp\/v2\/comments?post=3652"}],"version-history":[{"count":1,"href":"https:\/\/www.radioribelle.it\/index.php\/wp-json\/wp\/v2\/posts\/3652\/revisions"}],"predecessor-version":[{"id":3654,"href":"https:\/\/www.radioribelle.it\/index.php\/wp-json\/wp\/v2\/posts\/3652\/revisions\/3654"}],"wp:attachment":[{"href":"https:\/\/www.radioribelle.it\/index.php\/wp-json\/wp\/v2\/media?parent=3652"}],"wp:term":[{"taxonomy":"category","embeddable":true,"href":"https:\/\/www.radioribelle.it\/index.php\/wp-json\/wp\/v2\/categories?post=3652"},{"taxonomy":"post_tag","embeddable":true,"href":"https:\/\/www.radioribelle.it\/index.php\/wp-json\/wp\/v2\/tags?post=3652"}],"curies":[{"name":"wp","href":"https:\/\/api.w.org\/{rel}","templated":true}]}}