{"id":3660,"date":"2022-07-22T10:26:00","date_gmt":"2022-07-22T08:26:00","guid":{"rendered":"https:\/\/www.radioribelle.it\/?p=3660"},"modified":"2022-07-23T11:54:42","modified_gmt":"2022-07-23T09:54:42","slug":"i-cittadini-potranno-valutare-online-la-qualita-della-governance-democratica-a-citta-di-castello","status":"publish","type":"post","link":"https:\/\/www.radioribelle.it\/index.php\/2022\/07\/22\/i-cittadini-potranno-valutare-online-la-qualita-della-governance-democratica-a-citta-di-castello\/","title":{"rendered":"I cittadini potranno valutare online la qualit\u00e0 della governance democratica a Citt\u00e0 di Castello"},"content":{"rendered":"\n<div class=\"wp-block-image\"><figure class=\"alignleft size-large is-resized\"><img loading=\"lazy\" src=\"https:\/\/www.radioribelle.it\/wp-content\/uploads\/2022\/07\/Centro-storico-drone-1024x683.jpg\" alt=\"\" class=\"wp-image-3661\" width=\"326\" height=\"217\" srcset=\"https:\/\/www.radioribelle.it\/wp-content\/uploads\/2022\/07\/Centro-storico-drone-1024x683.jpg 1024w, https:\/\/www.radioribelle.it\/wp-content\/uploads\/2022\/07\/Centro-storico-drone-300x200.jpg 300w, https:\/\/www.radioribelle.it\/wp-content\/uploads\/2022\/07\/Centro-storico-drone-768x512.jpg 768w, https:\/\/www.radioribelle.it\/wp-content\/uploads\/2022\/07\/Centro-storico-drone-1536x1024.jpg 1536w, https:\/\/www.radioribelle.it\/wp-content\/uploads\/2022\/07\/Centro-storico-drone-2048x1365.jpg 2048w, https:\/\/www.radioribelle.it\/wp-content\/uploads\/2022\/07\/Centro-storico-drone-619x413.jpg 619w\" sizes=\"(max-width: 326px) 100vw, 326px\" \/><figcaption>default<\/figcaption><\/figure><\/div>\n\n\n\n<p> il Comune tifernate tra i cento selezionati in Italia nell\u2019ambito del programma ELoGE promosso dal Consiglio d\u2019Europa\u00a0\u00a0L\u2019amministrazione comunale di Citt\u00e0 di Castello valuter\u00e0 la qualit\u00e0 della propria governance democratica attraverso un questionario che tutti i cittadini potranno compilare direttamente, in assoluto anonimato. <\/p>\n\n\n\n<!--more-->\n\n\n\n<p>L\u2019ente concorrer\u00e0 infatti all\u2019assegnazione del marchio europeo di eccellenza nella governance (ELoGE) insieme ai circa 100 Comuni della Penisola selezionati per partecipare alla rilevazione promossa dal Consiglio d\u2019Europa, che viene e attuata sul territorio nazionale dall\u2019Associazione Italiana per il Consiglio dei Comuni e delle Regioni d&#8217;Europa (AICCRE) con la collaborazione dell\u2019Istituto di Sociologia Internazionale (ISIG). Attraverso il questionario, accessibile online al link\u00a0<a rel=\"noreferrer noopener\" href=\"https:\/\/it.surveymonkey.com\/r\/ELoGE_cit_IT\" target=\"_blank\">https:\/\/it.surveymonkey.com\/r\/ELoGE_cit_IT<\/a>, ogni cittadino tifernate potr\u00e0 valutare il livello di applicazione dei cosiddetti 12 principi europei del buon governo democratico nella vita pubblica e nell\u2019operato amministrativo, che il Consiglio d&#8217;Europa promuove in tutto il continente. L\u2019indagine sar\u00e0 effettuata fino al prossimo 7 agosto. I suoi risultati saranno poi esaminati dalla piattaforma nazionale di valutazione, un comitato di esperti costituito da AICCRE, che attribuir\u00e0 il marchio ELoGE ai Comuni meritevoli.<\/p>\n","protected":false},"excerpt":{"rendered":"<p>il Comune tifernate tra i cento selezionati in Italia nell\u2019ambito del programma ELoGE promosso dal Consiglio d\u2019Europa\u00a0\u00a0L\u2019amministrazione comunale di Citt\u00e0 di Castello valuter\u00e0 la qualit\u00e0 della propria governance democratica attraverso un questionario che tutti i cittadini potranno compilare direttamente, in assoluto anonimato.<\/p>\n","protected":false},"author":1,"featured_media":0,"comment_status":"open","ping_status":"open","sticky":false,"template":"","format":"standard","meta":{"_joinchat":[]},"categories":[1],"tags":[],"_links":{"self":[{"href":"https:\/\/www.radioribelle.it\/index.php\/wp-json\/wp\/v2\/posts\/3660"}],"collection":[{"href":"https:\/\/www.radioribelle.it\/index.php\/wp-json\/wp\/v2\/posts"}],"about":[{"href":"https:\/\/www.radioribelle.it\/index.php\/wp-json\/wp\/v2\/types\/post"}],"author":[{"embeddable":true,"href":"https:\/\/www.radioribelle.it\/index.php\/wp-json\/wp\/v2\/users\/1"}],"replies":[{"embeddable":true,"href":"https:\/\/www.radioribelle.it\/index.php\/wp-json\/wp\/v2\/comments?post=3660"}],"version-history":[{"count":1,"href":"https:\/\/www.radioribelle.it\/index.php\/wp-json\/wp\/v2\/posts\/3660\/revisions"}],"predecessor-version":[{"id":3662,"href":"https:\/\/www.radioribelle.it\/index.php\/wp-json\/wp\/v2\/posts\/3660\/revisions\/3662"}],"wp:attachment":[{"href":"https:\/\/www.radioribelle.it\/index.php\/wp-json\/wp\/v2\/media?parent=3660"}],"wp:term":[{"taxonomy":"category","embeddable":true,"href":"https:\/\/www.radioribelle.it\/index.php\/wp-json\/wp\/v2\/categories?post=3660"},{"taxonomy":"post_tag","embeddable":true,"href":"https:\/\/www.radioribelle.it\/index.php\/wp-json\/wp\/v2\/tags?post=3660"}],"curies":[{"name":"wp","href":"https:\/\/api.w.org\/{rel}","templated":true}]}}