{"id":3671,"date":"2026-09-04T12:06:00","date_gmt":"2026-09-04T10:06:00","guid":{"rendered":"https:\/\/www.radioribelle.it\/?p=3671"},"modified":"2026-09-03T14:09:24","modified_gmt":"2026-09-03T12:09:24","slug":"castro-giuste-le-richieste-dei-residenti-il-comune-non-puo-fare-lo-spettatore","status":"publish","type":"post","link":"https:\/\/www.radioribelle.it\/index.php\/2026\/09\/04\/castro-giuste-le-richieste-dei-residenti-il-comune-non-puo-fare-lo-spettatore\/","title":{"rendered":"\u201cCastro: giuste le richieste\u00a0dei residenti. Il Comune non pu\u00f2 fare lo spettatore\u201d"},"content":{"rendered":"\n<div class=\"wp-block-image\"><figure class=\"alignleft size-full is-resized\"><img loading=\"lazy\" src=\"https:\/\/www.radioribelle.it\/wp-content\/uploads\/2026\/07\/francesco-romizi-1.png\" alt=\"\" class=\"wp-image-2699\" width=\"226\" height=\"229\" srcset=\"https:\/\/www.radioribelle.it\/wp-content\/uploads\/2026\/07\/francesco-romizi-1.png 324w, https:\/\/www.radioribelle.it\/wp-content\/uploads\/2026\/07\/francesco-romizi-1-296x300.png 296w\" sizes=\"(max-width: 226px) 100vw, 226px\" \/><\/figure><\/div>\n\n\n\n<p>\u201cEsprimo pieno sostegno alle richieste avanzate dal comitato spontaneo dei residenti di via Duranti, via Pieraccini e via Recapito e relative alla situazione creatasi dopo i lavori lungo il torrente Castro. Nessuno discute della necessit\u00e0 di mettere in sicurezza il territorio dal rischio idraulico. Ma questa esigenza non pu\u00f2 essere alternativa alla tutela ambientale. Abbattere decine di alberi, modificare profondamente un\u2019area e poi lasciare una zona completamente spoglia non \u00e8 un risultato accettabile.<\/p>\n\n\n\n<!--more-->\n\n\n\n<p> \u00c8 necessario che il Genio Civile e la Regione dicano come intendono procedere per il ripristino ma anche il Comune di Arezzo deve assumersi le proprie responsabilit\u00e0 politiche e istituzionali.<\/p>\n\n\n\n<p> Il Comune non pu\u00f2 tirarsi fuori dalla vicenda per il solo fatto che altri hanno eseguito i lavori, non \u00e8 pensabile che non fosse a conoscenza d\u2019interventi che hanno prodotto un impatto di tale portata sul territorio. Il Comune \u00e8 l\u2019istituzione pi\u00f9 vicina ai cittadini e, proprio per questo, ha il dovere di vigilare e agire quando sono in gioco la qualit\u00e0 urbana, la tutela del verde e la sicurezza delle persone che vivono, lavorano e frequentano un quartiere. Per questo presenter\u00f2 una richiesta formale per chiedere all\u2019amministrazione comunale chiarimenti, quali interlocuzioni abbia attivato con Regione Toscana e Genio Civile e come intenda farsi parte attiva per un progetto di riqualificazione arborea, oltre che per verificare le condizioni di sicurezza del percorso e dell\u2019argine, come perorato dai residenti. Con temperature sempre pi\u00f9 alte e con la necessit\u00e0 di aumentare e non diminuire gli alberi non possiamo rassegnarci all\u2019idea che la burocrazia impedisca di ripiantare ci\u00f2 che \u00e8 stato possibile abbattere. La vicenda del Castro pone infine un problema pi\u00f9 generale: quando opere pubbliche incidono cos\u00ec profondamente, i cittadini devono essere coinvolti prima, durante e dopo. E agli impegni presi nei tavoli di confronto devono seguire fatti concreti\u201d.<\/p>\n","protected":false},"excerpt":{"rendered":"<p>\u201cEsprimo pieno sostegno alle richieste avanzate dal comitato spontaneo dei residenti di via Duranti, via Pieraccini e via Recapito e relative alla situazione creatasi dopo i lavori lungo il torrente Castro. Nessuno discute della necessit\u00e0 di mettere in sicurezza il territorio dal rischio idraulico. Ma questa esigenza non pu\u00f2 essere alternativa alla tutela ambientale. Abbattere [&hellip;]<\/p>\n","protected":false},"author":1,"featured_media":0,"comment_status":"closed","ping_status":"closed","sticky":false,"template":"","format":"standard","meta":[],"categories":[1],"tags":[],"_links":{"self":[{"href":"https:\/\/www.radioribelle.it\/index.php\/wp-json\/wp\/v2\/posts\/3671"}],"collection":[{"href":"https:\/\/www.radioribelle.it\/index.php\/wp-json\/wp\/v2\/posts"}],"about":[{"href":"https:\/\/www.radioribelle.it\/index.php\/wp-json\/wp\/v2\/types\/post"}],"author":[{"embeddable":true,"href":"https:\/\/www.radioribelle.it\/index.php\/wp-json\/wp\/v2\/users\/1"}],"replies":[{"embeddable":true,"href":"https:\/\/www.radioribelle.it\/index.php\/wp-json\/wp\/v2\/comments?post=3671"}],"version-history":[{"count":1,"href":"https:\/\/www.radioribelle.it\/index.php\/wp-json\/wp\/v2\/posts\/3671\/revisions"}],"predecessor-version":[{"id":3672,"href":"https:\/\/www.radioribelle.it\/index.php\/wp-json\/wp\/v2\/posts\/3671\/revisions\/3672"}],"wp:attachment":[{"href":"https:\/\/www.radioribelle.it\/index.php\/wp-json\/wp\/v2\/media?parent=3671"}],"wp:term":[{"taxonomy":"category","embeddable":true,"href":"https:\/\/www.radioribelle.it\/index.php\/wp-json\/wp\/v2\/categories?post=3671"},{"taxonomy":"post_tag","embeddable":true,"href":"https:\/\/www.radioribelle.it\/index.php\/wp-json\/wp\/v2\/tags?post=3671"}],"curies":[{"name":"wp","href":"https:\/\/api.w.org\/{rel}","templated":true}]}}