{"id":3676,"date":"2026-09-03T15:08:00","date_gmt":"2026-09-03T13:08:00","guid":{"rendered":"https:\/\/www.radioribelle.it\/?p=3676"},"modified":"2026-09-03T14:00:07","modified_gmt":"2026-09-03T12:00:07","slug":"ma-ma-2-apre-le-porte-ai-futuri-professionisti-del-marketing","status":"publish","type":"post","link":"https:\/\/www.radioribelle.it\/index.php\/2026\/09\/03\/ma-ma-2-apre-le-porte-ai-futuri-professionisti-del-marketing\/","title":{"rendered":"MA.MA 2 APRE LE PORTE AI FUTURI PROFESSIONISTI DEL MARKETING"},"content":{"rendered":"\n<div class=\"wp-block-image\"><figure class=\"aligncenter size-large is-resized\"><img loading=\"lazy\" src=\"https:\/\/www.radioribelle.it\/wp-content\/uploads\/2026\/09\/Copertina-1024x474.png\" alt=\"\" class=\"wp-image-3677\" width=\"490\" height=\"226\" srcset=\"https:\/\/www.radioribelle.it\/wp-content\/uploads\/2026\/09\/Copertina-1024x474.png 1024w, https:\/\/www.radioribelle.it\/wp-content\/uploads\/2026\/09\/Copertina-300x139.png 300w, https:\/\/www.radioribelle.it\/wp-content\/uploads\/2026\/09\/Copertina-768x356.png 768w, https:\/\/www.radioribelle.it\/wp-content\/uploads\/2026\/09\/Copertina-619x287.png 619w, https:\/\/www.radioribelle.it\/wp-content\/uploads\/2026\/09\/Copertina.png 1080w\" sizes=\"(max-width: 490px) 100vw, 490px\" \/><\/figure><\/div>\n\n\n\n<p><em>Due Open Day, l&#8217;8 settembre alle ore 15 ad Arezzo nella sede Formaimpresa-Confcommercio e il 21 settembre alle ore 11 online, per conoscere il corso ITS SATI Academy gratuito per giovani tra i 18 e i 35 anni, con 1.800 ore di formazione e stage.<\/em><\/p>\n\n\n\n<!--more-->\n\n\n\n<p>Due occasioni per conoscere da vicino\u00a0MA.MA 2 \u2013 Marketing Manager, il corso biennale di alta formazione ITS SATI Academy\u00a0dedicato agli under 35\u00a0che vogliono costruire il proprio futuro professionale nel marketing, nella comunicazione e nell\u2019internazionalizzazione delle imprese. Il primo Open Day \u00e8 in programma\u00a0luned\u00ec 8 settembre alle ore 15, in presenza nella sede Formaimpresa-Confcommercio di\u00a0via Newton 34\/36\/40 ad Arezzo. Una seconda presentazione si terr\u00e0 invece\u00a0luned\u00ec 21 settembre alle ore 11 online, sulla piattaforma Zoom.Durante i due appuntamenti saranno illustrate le caratteristiche del corso, le modalit\u00e0 di accesso, l&#8217;organizzazione delle lezioni e degli stage e gli sbocchi professionali. Sar\u00e0 inoltre possibile approfondire tutti gli aspetti del percorso e ricevere le informazioni necessarie per presentare la propria candidatura.<br><em>\u00abCon questi Open Day vogliamo offrire ai giovani la possibilit\u00e0 di capire concretamente cosa significa scegliere un percorso ITS e quali opportunit\u00e0 pu\u00f2 aprire nel mondo del lavoro \u2013 sottolinea\u00a0Stefano Orlandi, direttore Area Formazione di Confcommercio Firenze-Arezzo\u00a0\u2013 MA.MA 2 ha un&#8217;impostazione fortemente pratica: met\u00e0 delle 1.800 ore previste viene svolta direttamente nelle aziende. \u00c8 un elemento fondamentale perch\u00e9 permette di affiancare alle competenze teoriche una vera esperienza professionale e di entrare in contatto con le imprese gi\u00e0 durante la formazione. Marketing, comunicazione e sviluppo dei mercati sono inoltre ambiti nei quali le aziende hanno sempre pi\u00f9 bisogno di persone preparate e con competenze aggiornate\u00bb.<br><\/em>Il corso\u00a0MA.MA 2 \u2013 Tecnico Superiore per il Marketing, la Comunicazione e l\u2019Internazionalizzazione delle imprese\u00a0partir\u00e0 ad Arezzo a\u00a0novembre 2026\u00a0e terminer\u00e0 nel giugno 2028. Il percorso, riservato a soli 25 posti, \u00e8\u00a0completamente gratuito\u00a0e prevede complessivamente\u00a01.800 ore, equamente suddivise tra\u00a0900 ore di formazione in aula e laboratorio e 900 ore di stage in aziende del settore. Le lezioni si svolgeranno dal luned\u00ec al venerd\u00ec nella sede di Formaimpresa-Confcommercio ad Arezzo. La formazione sar\u00e0 affidata principalmente a professionisti e manager provenienti dal mondo delle imprese, affiancati da docenti universitari, con l&#8217;obiettivo di fornire competenze immediatamente spendibili sul mercato del lavoro: i partecipanti impareranno a elaborare strategie commerciali e di marketing, realizzare campagne di comunicazione digitale, utilizzare social media e strumenti per le vendite online, analizzare mercati e concorrenza, sviluppare brand e prodotti e accompagnare le aziende nei processi di internazionalizzazione.<br>Al termine dei due anni sar\u00e0 rilasciato il\u00a0Diploma di Tecnico Superiore di Livello 5 EQF, riconosciuto in Italia e in Europa. Tra i possibili sbocchi professionali figurano i ruoli di addetto\u00a0marketing e comunicazione, digital marketing specialist, social media e content creator, media planner, addetto alle strategie di marketing nazionale e internazionale e allo sviluppo del business aziendale.<\/p>\n","protected":false},"excerpt":{"rendered":"<p>Due Open Day, l&#8217;8 settembre alle ore 15 ad Arezzo nella sede Formaimpresa-Confcommercio e il 21 settembre alle ore 11 online, per conoscere il corso ITS SATI Academy gratuito per giovani tra i 18 e i 35 anni, con 1.800 ore di formazione e stage.<\/p>\n","protected":false},"author":1,"featured_media":0,"comment_status":"closed","ping_status":"closed","sticky":false,"template":"","format":"standard","meta":[],"categories":[1],"tags":[],"_links":{"self":[{"href":"https:\/\/www.radioribelle.it\/index.php\/wp-json\/wp\/v2\/posts\/3676"}],"collection":[{"href":"https:\/\/www.radioribelle.it\/index.php\/wp-json\/wp\/v2\/posts"}],"about":[{"href":"https:\/\/www.radioribelle.it\/index.php\/wp-json\/wp\/v2\/types\/post"}],"author":[{"embeddable":true,"href":"https:\/\/www.radioribelle.it\/index.php\/wp-json\/wp\/v2\/users\/1"}],"replies":[{"embeddable":true,"href":"https:\/\/www.radioribelle.it\/index.php\/wp-json\/wp\/v2\/comments?post=3676"}],"version-history":[{"count":1,"href":"https:\/\/www.radioribelle.it\/index.php\/wp-json\/wp\/v2\/posts\/3676\/revisions"}],"predecessor-version":[{"id":3678,"href":"https:\/\/www.radioribelle.it\/index.php\/wp-json\/wp\/v2\/posts\/3676\/revisions\/3678"}],"wp:attachment":[{"href":"https:\/\/www.radioribelle.it\/index.php\/wp-json\/wp\/v2\/media?parent=3676"}],"wp:term":[{"taxonomy":"category","embeddable":true,"href":"https:\/\/www.radioribelle.it\/index.php\/wp-json\/wp\/v2\/categories?post=3676"},{"taxonomy":"post_tag","embeddable":true,"href":"https:\/\/www.radioribelle.it\/index.php\/wp-json\/wp\/v2\/tags?post=3676"}],"curies":[{"name":"wp","href":"https:\/\/api.w.org\/{rel}","templated":true}]}}