{"id":3679,"date":"2026-09-04T08:35:00","date_gmt":"2026-09-04T06:35:00","guid":{"rendered":"https:\/\/www.radioribelle.it\/?p=3679"},"modified":"2026-09-03T14:08:20","modified_gmt":"2026-09-03T12:08:20","slug":"inaugura-rock-and-landscape","status":"publish","type":"post","link":"https:\/\/www.radioribelle.it\/index.php\/2026\/09\/04\/inaugura-rock-and-landscape\/","title":{"rendered":"Inaugura \u201cRock and Landscape"},"content":{"rendered":"\n<div class=\"wp-block-image\"><figure class=\"alignleft size-full is-resized\"><img loading=\"lazy\" src=\"https:\/\/www.radioribelle.it\/wp-content\/uploads\/2026\/09\/mostra.png\" alt=\"\" class=\"wp-image-3680\" width=\"126\" height=\"166\" srcset=\"https:\/\/www.radioribelle.it\/wp-content\/uploads\/2026\/09\/mostra.png 338w, https:\/\/www.radioribelle.it\/wp-content\/uploads\/2026\/09\/mostra-227x300.png 227w\" sizes=\"(max-width: 126px) 100vw, 126px\" \/><\/figure><\/div>\n\n\n\n<p>Sabato 5 settembre alle ore 11:00 si inaugura \u201c<em>Rock and Landscape<\/em> &#8211; Roccia e paesaggio\u201d presso la Pinacoteca comunale di Citt\u00e0 di Castello. Questa iniziativa artistica, che ha ottenuto il Patrocinio del Comune di Citt\u00e0 di Castello ed \u00e8 curata dal Prof. Ben C. Fletcher, \u00a0si articola in due mostre d\u2019arte.<\/p>\n\n\n\n<!--more-->\n\n\n\n<p>All\u2019interno dello spazio espositivo della Manica Lunga sar\u00e0 allestita la mostra di Lucio Vero intitolata \u201c<em>Metaverse-Equilibri invisibili<\/em>\u201d con le sculture contemporanee e disegni realizzati dall\u2019artista umbro. L\u2019Ala Nuova ospiter\u00e0 \u201c<em>An American Paints Umbria\u201d<\/em> con le tele raffiguranti paesaggi dell\u2019Umbria del pittore americano Dan Gustin. Lucio Vero \u00e8 un artista chevive e lavora in Umbria. Precedentemente conosciuto come Lucio Chiurulla, nome con cui ha firmato importanti progetti e commissioni ed \u00e8 stato insignito di premi internazionali, dopo gli studi al Liceo Artistico e all&#8217;Accademia di Belle Arti di Perugia, si \u00e8 specializzato nella lavorazione di marmo, granito e pietra e ha iniziato una ricerca indipendente attraverso le forme tradizionali della scultura classica, prima di evolvere verso la scultura contemporanea, sperimentando e modellando diverse tipologie di materiali. Oggi la sua opera si sviluppa attraverso un dialogo inedito con la materia, teso non a imporre una forma preconfezionata, ma a rivelare la spiritualit\u00e0 intrinseca e i significati nascosti del mezzo espressivo scelto.<\/p>\n\n\n\n<p><em>&#8220;Aggiungere togliendo<\/em>&#8220;, cos\u00ec Lucio descrive la sua tecnica, come un paradosso in cui la rimozione di parti del blocco solido serve a far emergere forme, pensieri e nuove logiche interne alla materia. Nel corso della sua trentennale carriera ha preso parte a diverse mostre d&#8217;arte contemporanea in vari Paesi, tra cui il progetto espositivo &#8220;Tempus&#8221; alla Pinacoteca comunale di Citt\u00e0 di Castello nel 2025. Le sue opere si trovano in Italia, Europa e negli Stati Uniti, dove nel 2018 \u00e8 stato insignito del titolo di <em>Master Sculptor<\/em> dal <em>Light House Art Center<\/em> (Florida). Molte delle sue sculture in marmo di grandi dimensioni sono ora in collezioni pubbliche e private in Italia e all&#8217;estero (www.luciovero.it).\u00a0Dan Gustin \u00e8 un noto pittore americano e docente universitario, membro della prestigiosa <em>National Academy of Art and Design <\/em>(USA) e professore associato di arte all\u2019Universit\u00e0 di Chicago. Innamorato della luce e dei colori delle terre umbre, Dan trascorre molti mesi in un paesino vicino Todi, dipingendo <em>en plein air <\/em>le sue tele. La sua \u00e8 una vera e propria mappatura temporale del territorio umbro che segue il variare della luce e delle stagioni. Durante la sua lunga carriera \u00e8 stato <em>visiting artist<\/em> presso numerose prestigiose istituzioni e universit\u00e0 americane ed \u00e8 stato insignito di vari premi. \u00a0(dansheridangustin.com\/bio).<\/p>\n","protected":false},"excerpt":{"rendered":"<p>Sabato 5 settembre alle ore 11:00 si inaugura \u201cRock and Landscape &#8211; Roccia e paesaggio\u201d presso la Pinacoteca comunale di Citt\u00e0 di Castello. Questa iniziativa artistica, che ha ottenuto il Patrocinio del Comune di Citt\u00e0 di Castello ed \u00e8 curata dal Prof. Ben C. Fletcher, \u00a0si articola in due mostre d\u2019arte.<\/p>\n","protected":false},"author":1,"featured_media":0,"comment_status":"closed","ping_status":"closed","sticky":false,"template":"","format":"standard","meta":[],"categories":[1],"tags":[],"_links":{"self":[{"href":"https:\/\/www.radioribelle.it\/index.php\/wp-json\/wp\/v2\/posts\/3679"}],"collection":[{"href":"https:\/\/www.radioribelle.it\/index.php\/wp-json\/wp\/v2\/posts"}],"about":[{"href":"https:\/\/www.radioribelle.it\/index.php\/wp-json\/wp\/v2\/types\/post"}],"author":[{"embeddable":true,"href":"https:\/\/www.radioribelle.it\/index.php\/wp-json\/wp\/v2\/users\/1"}],"replies":[{"embeddable":true,"href":"https:\/\/www.radioribelle.it\/index.php\/wp-json\/wp\/v2\/comments?post=3679"}],"version-history":[{"count":1,"href":"https:\/\/www.radioribelle.it\/index.php\/wp-json\/wp\/v2\/posts\/3679\/revisions"}],"predecessor-version":[{"id":3681,"href":"https:\/\/www.radioribelle.it\/index.php\/wp-json\/wp\/v2\/posts\/3679\/revisions\/3681"}],"wp:attachment":[{"href":"https:\/\/www.radioribelle.it\/index.php\/wp-json\/wp\/v2\/media?parent=3679"}],"wp:term":[{"taxonomy":"category","embeddable":true,"href":"https:\/\/www.radioribelle.it\/index.php\/wp-json\/wp\/v2\/categories?post=3679"},{"taxonomy":"post_tag","embeddable":true,"href":"https:\/\/www.radioribelle.it\/index.php\/wp-json\/wp\/v2\/tags?post=3679"}],"curies":[{"name":"wp","href":"https:\/\/api.w.org\/{rel}","templated":true}]}}