{"id":3682,"date":"2026-09-05T10:35:00","date_gmt":"2026-09-05T08:35:00","guid":{"rendered":"https:\/\/www.radioribelle.it\/?p=3682"},"modified":"2026-09-04T10:51:50","modified_gmt":"2026-09-04T08:51:50","slug":"aspettando-la-mostra-limmagine-di-francesco","status":"publish","type":"post","link":"https:\/\/www.radioribelle.it\/index.php\/2026\/09\/05\/aspettando-la-mostra-limmagine-di-francesco\/","title":{"rendered":"Aspettando la mostra &#8220;L&#8217;immagine di Francesco&#8221;"},"content":{"rendered":"\n<div class=\"wp-block-image\"><figure class=\"aligncenter size-full is-resized\"><img loading=\"lazy\" src=\"https:\/\/www.radioribelle.it\/wp-content\/uploads\/2026\/09\/INVITO_11.09.2026_Cammini-di-S.-Francesco.png\" alt=\"\" class=\"wp-image-3683\" width=\"378\" height=\"288\" srcset=\"https:\/\/www.radioribelle.it\/wp-content\/uploads\/2026\/09\/INVITO_11.09.2026_Cammini-di-S.-Francesco.png 735w, https:\/\/www.radioribelle.it\/wp-content\/uploads\/2026\/09\/INVITO_11.09.2026_Cammini-di-S.-Francesco-300x229.png 300w, https:\/\/www.radioribelle.it\/wp-content\/uploads\/2026\/09\/INVITO_11.09.2026_Cammini-di-S.-Francesco-619x472.png 619w\" sizes=\"(max-width: 378px) 100vw, 378px\" \/><\/figure><\/div>\n\n\n\n<p> venerdi 11 settembre &#8220;Cammini di San Francesco nelle terre di Arezzo&#8221; &#8211; Aspettando la mostra &#8220;L&#8217;immagine di Francesco&#8221;<\/p>\n\n\n\n<!--more-->\n\n\n\n<p>Venerdi 11 settembre 2026 Arrivo ad Arezzo (treni da Firenze SMN alle ore 8.02 e alle ore 9.04. I biglietti sono a carico dell&#8217;organizzazione)Trasferimento con il bus dedicato in direzione &#8220;La Verna&#8221;Visita al santuario e alle GhiacciaiePranzo con i fratiPassaggio dal Castello di Montauto con visita e racconto della proprietaria della storia del Saio di FrancescoRientro Cammini di Francesco nelle terre di Arezzo La figura di San Francesco, a otto secoli dalla morte, \u00e8 pi\u00f9 viva che mai. Negli ultimi anni i luoghi da lui frequentati nel suo incessante peregrinare sono entrati a far parte di splendidi itinerari da percorrere a piedi, in bicicletta o a cavallo: i Cammini di Francesco, che uniscono la terra d\u2019Arezzo ad Assisi. I percorsi sulle tracce del Santo sono autentici viaggi del corpo e dello spirito, che permettono di rivivere le sensazioni provate da Francesco con gli occhi di oggi e di sostare nei luoghi che ancora conservano la memoria delle sue parole e delle sue azioni. Nel territorio aretino il Poverello d\u2019Assisi trov\u00f2 pi\u00f9 volte rifugio e trascorse parte della sua esistenza. Ad alcuni di questi luoghi fu profondamente legato fino alla morte. I Cammini di Francesco che attraversano le valli aretine sono esperienze da vivere in gruppo, in coppia o in solitaria, muovendosi in totale autonomia lungo itinerari di diversa lunghezza e difficolt\u00e0, dove la natura si intreccia con la spiritualit\u00e0, l\u2019arte e la cultura.<\/p>\n\n\n\n<p>L&#8217;immagine di Francesco. Dal Medioevo al Rinascimento Nell\u2019ottavo centenario della morte di San Francesco, il 2026, la citt\u00e0 di Arezzo\u00a0celebra la propria speciale relazione con il Patrono d\u2019Italia organizzando una\u00a0grande mostra\u00a0a carattere iconografico, d\u2019intesa con le Diocesi, le comunit\u00e0 francescane competenti e gli organi centrali e periferici del\u00a0Ministero della Cultura (MIC).\u00a0Si intitola \u201cL\u2019immagine di Francesco &#8211; Dal Medioevo al Novecento\u201d l\u2019esposizione che si svolger\u00e0\u00a0dal 3 ottobre al 10 gennaio 2027\u00a0tra la\u00a0Galleria d\u2019Arte Moderna e Contemporanea\u00a0(piazza San Francesco 4), confinante con la\u00a0Basilica di San Francesco, celebre per i suoi capolavori d\u2019arte e specialmente per il ciclo della Vera Croce affrescato da Piero della Francesca, e i suggestivi spazi dell\u2019ex\u00a0Chiesa di Sant\u2019Ignazio\u00a0(via Giosu\u00e8 Carducci, 7), esempio straordinario di barocco aretino. Sar\u00e0 possibile appassionarsi a quadri (in prevalenza), nonch\u00e9 miniature, statue e vetrate, che documenteranno per campioni significativi la diffusione dell&#8217;iconografia francescana in Toscana e con altri esempi italiani. Le opere saranno, per citarne alcuni, di\u00a0Margarito, Maestro della Crocifisso, Maestro di Figline, Tino Di Camaino, Beato Angelico, Sandro Botticelli, Andrea Della Robbia, Giorgio Vasari, Pietro Da Cortona, Annibale Carracci, Guercino, Jacopo Ligozzi, Luca Giordano, Lorenzo Lippi, Antonio Ciseri, Libero Andreotti.<\/p>\n\n\n\n<p>L&#8217;ordinamento seguir\u00e0 un andamento sostanzialmente cronologico &#8211;\u00a0dal Medioevo al Novecento\u00a0&#8211; con focus tematici per approfondimenti specifici. Le oltre\u00a060 opere d\u2019arte e documenti\u00a0proverranno per la maggior parte dal territorio, dimostrando la lunga e costante devozione per San Francesco, senza per\u00f2 rinunciare a importanti e prestigiosi prestiti dall\u2019Italia e dall\u2019estero, quali\u00a0la National Gallery di Londra, l\u2019Art Museum di Worcester, Lindenau-Museum di Altenburg, Pinacoteca Vaticana, Gallerie degli Uffizi, Galleria Borghese di Roma, Chiesa di San Francesco a Locarno, Galleria dell&#8217;Accademia di Venezia, Museo Civico d&#8217;Arte antica di Pistoia, Convento dei Cappuccini Foggia, Museo Schifanoia di Ferrara. L\u2019iniziativa \u00e8 promossa da\u00a0Comune di\u00a0Arezzo\u00a0e Fondazione CR Firenze\u00a0con\u00a0Fondazione Guido D\u2019Arezzo, in collaborazione con\u00a0la\u00a0Diocesi di Arezzo &#8211; Cortona e Sansepolcro\u00a0e la\u00a0Direzione regionale Musei nazionali Toscana del Ministero della Cultura,\u00a0Fondazione\u00a0Arezzo\u00a0Intour e Discover\u00a0Arezzo.\u00a0L\u2019esposizione \u00e8 curata da\u00a0Cristina Acidini, con il comitato scientifico presieduto da\u00a0Carlo Sisi, formato da\u00a0Sandro Bellesi, Stefano Casciu, Liletta Fornasari e Angelo Tartuferi. Main sponsor:\u00a0Estra. Con il sostegno di\u00a0Coingas, Caurum, Unicoop Firenze, Tesi.<\/p>\n","protected":false},"excerpt":{"rendered":"<p>venerdi 11 settembre &#8220;Cammini di San Francesco nelle terre di Arezzo&#8221; &#8211; Aspettando la mostra &#8220;L&#8217;immagine di Francesco&#8221;<\/p>\n","protected":false},"author":1,"featured_media":0,"comment_status":"closed","ping_status":"closed","sticky":false,"template":"","format":"standard","meta":[],"categories":[1],"tags":[],"_links":{"self":[{"href":"https:\/\/www.radioribelle.it\/index.php\/wp-json\/wp\/v2\/posts\/3682"}],"collection":[{"href":"https:\/\/www.radioribelle.it\/index.php\/wp-json\/wp\/v2\/posts"}],"about":[{"href":"https:\/\/www.radioribelle.it\/index.php\/wp-json\/wp\/v2\/types\/post"}],"author":[{"embeddable":true,"href":"https:\/\/www.radioribelle.it\/index.php\/wp-json\/wp\/v2\/users\/1"}],"replies":[{"embeddable":true,"href":"https:\/\/www.radioribelle.it\/index.php\/wp-json\/wp\/v2\/comments?post=3682"}],"version-history":[{"count":1,"href":"https:\/\/www.radioribelle.it\/index.php\/wp-json\/wp\/v2\/posts\/3682\/revisions"}],"predecessor-version":[{"id":3684,"href":"https:\/\/www.radioribelle.it\/index.php\/wp-json\/wp\/v2\/posts\/3682\/revisions\/3684"}],"wp:attachment":[{"href":"https:\/\/www.radioribelle.it\/index.php\/wp-json\/wp\/v2\/media?parent=3682"}],"wp:term":[{"taxonomy":"category","embeddable":true,"href":"https:\/\/www.radioribelle.it\/index.php\/wp-json\/wp\/v2\/categories?post=3682"},{"taxonomy":"post_tag","embeddable":true,"href":"https:\/\/www.radioribelle.it\/index.php\/wp-json\/wp\/v2\/tags?post=3682"}],"curies":[{"name":"wp","href":"https:\/\/api.w.org\/{rel}","templated":true}]}}