{"id":3695,"date":"2026-09-03T17:02:29","date_gmt":"2026-09-03T15:02:29","guid":{"rendered":"https:\/\/www.radioribelle.it\/?p=3695"},"modified":"2026-09-03T17:03:32","modified_gmt":"2026-09-03T15:03:32","slug":"campionato-europeo-orogel-torna-il-5-settembre-il-grande-appuntamento-allippodromo-del-savio","status":"publish","type":"post","link":"https:\/\/www.radioribelle.it\/index.php\/2026\/09\/03\/campionato-europeo-orogel-torna-il-5-settembre-il-grande-appuntamento-allippodromo-del-savio\/","title":{"rendered":"Campionato Europeo Orogel, torna il 5 settembre il grande appuntamento all\u2019Ippodromo del Savio"},"content":{"rendered":"\n<div class=\"wp-block-image\"><figure class=\"alignleft size-large is-resized\"><img loading=\"lazy\" src=\"https:\/\/www.radioribelle.it\/wp-content\/uploads\/2026\/09\/laura-chiatti-682x1024.jpeg\" alt=\"\" class=\"wp-image-3696\" width=\"217\" height=\"327\" srcset=\"https:\/\/www.radioribelle.it\/wp-content\/uploads\/2026\/09\/laura-chiatti-682x1024.jpeg 682w, https:\/\/www.radioribelle.it\/wp-content\/uploads\/2026\/09\/laura-chiatti-200x300.jpeg 200w, https:\/\/www.radioribelle.it\/wp-content\/uploads\/2026\/09\/laura-chiatti-768x1153.jpeg 768w, https:\/\/www.radioribelle.it\/wp-content\/uploads\/2026\/09\/laura-chiatti-1023x1536.jpeg 1023w, https:\/\/www.radioribelle.it\/wp-content\/uploads\/2026\/09\/laura-chiatti-619x929.jpeg 619w, https:\/\/www.radioribelle.it\/wp-content\/uploads\/2026\/09\/laura-chiatti.jpeg 1066w\" sizes=\"(max-width: 217px) 100vw, 217px\" \/><\/figure><\/div>\n\n\n\n<p>Cesena\u2013 Sabato 5 settembre l\u2019Ippodromo del Savio torna ad accendere i riflettori sul grande trotto con la serata conclusiva del Campionato Europeo di Trotto Orogel, uno degli appuntamenti pi\u00f9 importanti del calendario ippico cesenate. Una serata che unisce la competizione sportiva allo spettacolo e che ogni anno richiama all\u2019Ippodromo un pubblico numeroso, composto da appassionati e curiosi.<\/p>\n\n\n\n<p><em>Orogel al fianco del Campionato Europeo di Trotto per il decimo anno consecutivo. Madrine della serata Laura Chiatti e Mariana Rodriguez<\/em><\/p>\n\n\n\n<!--more-->\n\n\n\n<p>Orogel rinnova anche quest\u2019anno la propria presenza al fianco della manifestazione, raggiungendo un traguardo significativo: \u00e8 infatti il decimo anno consecutivo che il gruppo cooperativo leader nella vendita di verdure surgelate in Italia sostiene il Campionato Europeo, consolidando una collaborazione ormai parte integrante della tradizione dell\u2019evento.Per celebrare questo importante traguardo Orogel vestir\u00e0 con i suoi colori l\u2019intero parco Ippodromo di Cesena e titoler\u00e0 tutte le corse in programma con i brand dei principali prodotti della vasta&nbsp; gamma di alimenti freschi surgelati prodotti negli stabilmente del Gruppo. Come da tradizione, inoltre, Orogel invita le due madrine ufficiali della serata che accompagneranno il momento conclusivo della manifestazione e saranno protagoniste della cerimonia di premiazione del vincitore. Questa edizione vedr\u00e0 quindi la gradita presenza di Laura Chiatti e Mariana Rodriguez, che con la loro bellezza e simpatia intratterranno il grande pubblico presente. Chiatti, attrice e volto noto del cinema e della televisione italiana, ha costruito la propria carriera alternando produzioni cinematografiche e televisive. Tra i film che l\u2019hanno vista protagonista figurano <em>Io, loro e Lara<\/em>, <em>Manuale d\u2019amore 3, Romanzo di una strage<\/em> e <em>La cena perfetta<\/em>. Nel corso degli anni ha inoltre preso parte a diverse fiction di successo, confermandosi come uno dei volti pi\u00f9 riconoscibili del panorama dello spettacolo italiano.Modella, showgirl e attrice venezuelana, Rodriguez ha debuttato in Italia con <em>Veline<\/em>, per poi proseguire con programmi come <em>Pechino Express<\/em>, <em>Si pu\u00f2 fare!<\/em>, <em>Grande Fratello VIP<\/em> e <em>Matrix Chiambretti<\/em>, dove ha ricoperto anche il ruolo di showgirl e ballerina. Ha inoltre lavorato come inviata per <em>Le Iene<\/em>. Dopo alcune esperienze cinematografiche, nel 2025 \u00e8 tornata sul grande schermo con <em>Buen Camino<\/em>, al fianco di Checco Zalone, e nella serie <em>Gangs of Milano<\/em>. \u201c<em>Dieci anni rappresentano un traguardo importante e siamo grati alla Societ\u00e0 Hippo Group per lo spirito di collaborazione che da sempre lega due importanti realt\u00e0 del territorio.<\/em>\u2013 commenta Bruno Piraccini, Presidente di Orogel \u2013. <em>Il Campionato Europeo \u00e8 una manifestazione che non solo riesce a valorizzare il nostro marchio e la nostra citt\u00e0 attraverso lo sport, ma, allo stesso tempo, \u00e8 una serata che porta all\u2019Ippodromo persone diverse, unite dalla voglia di vivere uno spettacolo sportivo di grande livello. Per Orogel \u00e8 quindi naturale continuare a essere parte di questo appuntamento, che sentiamo vicino alla nostra storia e alla nostra comunit\u00e0<\/em>\u201d.Il Campionato Europeo di Trotto rappresenta uno dei momenti culminanti della stagione dell\u2019Ippodromo del Savio: una competizione di alto livello che, nell\u2019arco della serata, accompagner\u00e0 il pubblico fino alla sfida decisiva, quando si assegner\u00e0 il titolo di Campione Europeo.Anche quest\u2019anno al vincitore sar\u00e0 consegnato il Trofeo Orogel, che celebrer\u00e0 simbolicamente anche i dieci anni di collaborazione tra la cooperativa e il Campionato Europeo.<\/p>\n\n\n\n<p>La serata sar\u00e0 seguita in diretta da emittenti televisive locali e nazionali, garantendo all\u2019evento un\u2019ampia copertura mediatica.<\/p>\n\n\n\n<p><strong>Giulia Raggi<\/strong><\/p>\n","protected":false},"excerpt":{"rendered":"<p>Cesena\u2013 Sabato 5 settembre l\u2019Ippodromo del Savio torna ad accendere i riflettori sul grande trotto con la serata conclusiva del Campionato Europeo di Trotto Orogel, uno degli appuntamenti pi\u00f9 importanti del calendario ippico cesenate. Una serata che unisce la competizione sportiva allo spettacolo e che ogni anno richiama all\u2019Ippodromo un pubblico numeroso, composto da appassionati [&hellip;]<\/p>\n","protected":false},"author":1,"featured_media":0,"comment_status":"closed","ping_status":"closed","sticky":false,"template":"","format":"standard","meta":[],"categories":[1],"tags":[],"_links":{"self":[{"href":"https:\/\/www.radioribelle.it\/index.php\/wp-json\/wp\/v2\/posts\/3695"}],"collection":[{"href":"https:\/\/www.radioribelle.it\/index.php\/wp-json\/wp\/v2\/posts"}],"about":[{"href":"https:\/\/www.radioribelle.it\/index.php\/wp-json\/wp\/v2\/types\/post"}],"author":[{"embeddable":true,"href":"https:\/\/www.radioribelle.it\/index.php\/wp-json\/wp\/v2\/users\/1"}],"replies":[{"embeddable":true,"href":"https:\/\/www.radioribelle.it\/index.php\/wp-json\/wp\/v2\/comments?post=3695"}],"version-history":[{"count":2,"href":"https:\/\/www.radioribelle.it\/index.php\/wp-json\/wp\/v2\/posts\/3695\/revisions"}],"predecessor-version":[{"id":3698,"href":"https:\/\/www.radioribelle.it\/index.php\/wp-json\/wp\/v2\/posts\/3695\/revisions\/3698"}],"wp:attachment":[{"href":"https:\/\/www.radioribelle.it\/index.php\/wp-json\/wp\/v2\/media?parent=3695"}],"wp:term":[{"taxonomy":"category","embeddable":true,"href":"https:\/\/www.radioribelle.it\/index.php\/wp-json\/wp\/v2\/categories?post=3695"},{"taxonomy":"post_tag","embeddable":true,"href":"https:\/\/www.radioribelle.it\/index.php\/wp-json\/wp\/v2\/tags?post=3695"}],"curies":[{"name":"wp","href":"https:\/\/api.w.org\/{rel}","templated":true}]}}