{"id":3711,"date":"2026-09-05T12:06:00","date_gmt":"2026-09-05T10:06:00","guid":{"rendered":"https:\/\/www.radioribelle.it\/?p=3711"},"modified":"2026-09-04T14:19:15","modified_gmt":"2026-09-04T12:19:15","slug":"servizi-per-linfanzia-polo-delle-liste-civiche","status":"publish","type":"post","link":"https:\/\/www.radioribelle.it\/index.php\/2026\/09\/05\/servizi-per-linfanzia-polo-delle-liste-civiche\/","title":{"rendered":"Servizi per l\u2019infanzia, Polo delle Liste Civiche"},"content":{"rendered":"\n<div class=\"wp-block-image\"><figure class=\"alignright size-large is-resized\"><img loading=\"lazy\" src=\"https:\/\/www.radioribelle.it\/wp-content\/uploads\/2026\/09\/lATRatVUR53--975x1024.jpeg\" alt=\"\" class=\"wp-image-3712\" width=\"195\" height=\"205\" srcset=\"https:\/\/www.radioribelle.it\/wp-content\/uploads\/2026\/09\/lATRatVUR53--975x1024.jpeg 975w, https:\/\/www.radioribelle.it\/wp-content\/uploads\/2026\/09\/lATRatVUR53--286x300.jpeg 286w, https:\/\/www.radioribelle.it\/wp-content\/uploads\/2026\/09\/lATRatVUR53--768x806.jpeg 768w, https:\/\/www.radioribelle.it\/wp-content\/uploads\/2026\/09\/lATRatVUR53--619x650.jpeg 619w, https:\/\/www.radioribelle.it\/wp-content\/uploads\/2026\/09\/lATRatVUR53-.jpeg 1206w\" sizes=\"(max-width: 195px) 100vw, 195px\" \/><\/figure><\/div>\n\n\n\n<p>\u201cSettembre mese critico, servono strumenti per sostenere le famiglie\u201d. <em>La sperimentazione avviata in Emilia Romagna per aiutare le famiglie nelle settimane prima del rientro a scuola pu\u00f2 essere un modello per Arezzo\u201d<\/em><\/p>\n\n\n\n<!--more-->\n\n\n\n<p>Il periodo che precede la riapertura delle scuole \u00e8 diventato, negli ultimi anni, uno dei momenti pi\u00f9 critici per le famiglie con bambini piccoli. La chiusura prolungata dei servizi per l&#8217;infanzia, che si protrae spesso fino alle porte di settembre (mese gi\u00e0 critico che segue le difficolt\u00e0 del periodo estivo) lascia molti genitori senza soluzioni concrete per la conciliazione tra lavoro e cura dei figli, soprattutto nelle due settimane immediatamente precedenti l&#8217;inizio delle lezioni. In Emilia-Romagna, da due giorni, \u00e8 partita in 42 comuni la sperimentazione &#8220;Settembre Insieme&#8221;, un progetto che dal prossimo anno sar\u00e0 esteso a tutta la regione. L&#8217;iniziativa coinvolge bambine e bambini in attivit\u00e0 educative extrascolastiche curate da personale qualificato: percorsi multisportivi, laboratori STEM, corsi di lingue e altre attivit\u00e0 di apprendimento informale e ricreativo, pensate per accompagnare le famiglie in un momento dell&#8217;anno particolarmente delicato. Il progetto nasce con un duplice obiettivo: sostenere genitori e famiglie nella gestione dei tempi di vita e di lavoro, e offrire ai pi\u00f9 piccoli occasioni di crescita attraverso attivit\u00e0 ludico-motorie e formative di qualit\u00e0. Per i consiglieri comunali del Polo delle Liste Civiche &#8211; Marco Donati, Fabio Buricchi e Alessandro Meucci &#8211; questo modello merita attenzione anche ad Arezzo. Una citt\u00e0 che voglia davvero definirsi attrattiva per le famiglie deve saper guardare a iniziative di questo tipo, e farsi promotrice \u2014 anche nei confronti della Regione Toscana \u2014 di percorsi analoghi sul proprio territorio. Investire su questi servizi significa lavorare insieme sulla crescita dei bambini, sul sostegno all&#8217;occupazione e sulla riduzione dei disagi che le famiglie si trovano ad affrontare ogni anno in questo periodo.&#8221;Quello che sta accadendo in Emilia-Romagna dimostra che si pu\u00f2 fare di pi\u00f9 per le famiglie, con scelte concrete e non solo con buone intenzioni &#8211; sottolineano i consiglieri Donati, Buricchi e Meucci -. Arezzo ha bisogno di iniziative come &#8220;Settembre Insieme&#8221;: non solo servizi pedagogici, ma uno strumento per andare incontro alle famiglie e come reale sostegno al lavoro e alla genitorialit\u00e0. Chiediamo all&#8217;amministrazione Comanducci di studiare questo modello e alla Regione Toscana di aprire un confronto sul tema\u201d.<\/p>\n","protected":false},"excerpt":{"rendered":"<p>\u201cSettembre mese critico, servono strumenti per sostenere le famiglie\u201d. La sperimentazione avviata in Emilia Romagna per aiutare le famiglie nelle settimane prima del rientro a scuola pu\u00f2 essere un modello per Arezzo\u201d<\/p>\n","protected":false},"author":1,"featured_media":0,"comment_status":"closed","ping_status":"closed","sticky":false,"template":"","format":"standard","meta":[],"categories":[1],"tags":[],"_links":{"self":[{"href":"https:\/\/www.radioribelle.it\/index.php\/wp-json\/wp\/v2\/posts\/3711"}],"collection":[{"href":"https:\/\/www.radioribelle.it\/index.php\/wp-json\/wp\/v2\/posts"}],"about":[{"href":"https:\/\/www.radioribelle.it\/index.php\/wp-json\/wp\/v2\/types\/post"}],"author":[{"embeddable":true,"href":"https:\/\/www.radioribelle.it\/index.php\/wp-json\/wp\/v2\/users\/1"}],"replies":[{"embeddable":true,"href":"https:\/\/www.radioribelle.it\/index.php\/wp-json\/wp\/v2\/comments?post=3711"}],"version-history":[{"count":1,"href":"https:\/\/www.radioribelle.it\/index.php\/wp-json\/wp\/v2\/posts\/3711\/revisions"}],"predecessor-version":[{"id":3713,"href":"https:\/\/www.radioribelle.it\/index.php\/wp-json\/wp\/v2\/posts\/3711\/revisions\/3713"}],"wp:attachment":[{"href":"https:\/\/www.radioribelle.it\/index.php\/wp-json\/wp\/v2\/media?parent=3711"}],"wp:term":[{"taxonomy":"category","embeddable":true,"href":"https:\/\/www.radioribelle.it\/index.php\/wp-json\/wp\/v2\/categories?post=3711"},{"taxonomy":"post_tag","embeddable":true,"href":"https:\/\/www.radioribelle.it\/index.php\/wp-json\/wp\/v2\/tags?post=3711"}],"curies":[{"name":"wp","href":"https:\/\/api.w.org\/{rel}","templated":true}]}}