{"id":3726,"date":"2026-09-06T12:20:00","date_gmt":"2026-09-06T10:20:00","guid":{"rendered":"https:\/\/www.radioribelle.it\/?p=3726"},"modified":"2026-09-05T21:55:36","modified_gmt":"2026-09-05T19:55:36","slug":"cappuccini-che-diventano-piccoli-capolavori","status":"publish","type":"post","link":"https:\/\/www.radioribelle.it\/index.php\/2026\/09\/06\/cappuccini-che-diventano-piccoli-capolavori\/","title":{"rendered":"CAPPUCCINI CHE DIVENTANO PICCOLI CAPOLAVORI"},"content":{"rendered":"\n<div class=\"wp-block-image\"><figure class=\"alignright size-large is-resized\"><img loading=\"lazy\" src=\"https:\/\/www.radioribelle.it\/wp-content\/uploads\/2026\/09\/Stefano-Cevenini-769x1024.jpg\" alt=\"\" class=\"wp-image-3727\" width=\"193\" height=\"257\" srcset=\"https:\/\/www.radioribelle.it\/wp-content\/uploads\/2026\/09\/Stefano-Cevenini-769x1024.jpg 769w, https:\/\/www.radioribelle.it\/wp-content\/uploads\/2026\/09\/Stefano-Cevenini-225x300.jpg 225w, https:\/\/www.radioribelle.it\/wp-content\/uploads\/2026\/09\/Stefano-Cevenini-768x1023.jpg 768w, https:\/\/www.radioribelle.it\/wp-content\/uploads\/2026\/09\/Stefano-Cevenini-1153x1536.jpg 1153w, https:\/\/www.radioribelle.it\/wp-content\/uploads\/2026\/09\/Stefano-Cevenini-619x824.jpg 619w, https:\/\/www.radioribelle.it\/wp-content\/uploads\/2026\/09\/Stefano-Cevenini.jpg 1160w\" sizes=\"(max-width: 193px) 100vw, 193px\" \/><\/figure><\/div>\n\n\n\n<p>AREZZO ARRIVA IL CAMPIONE ITALIANO DI LATTE ART STEFANO CEVENINI <em>L&#8217;8 settembre all&#8217;Accademia Bruno Veraldi una giornata di formazione con il due volte campione italiano<\/em> Un cuore, una rosetta, un tulipano o una decorazione personalizzata: la Latte Art \u00e8 diventata molto pi\u00f9 di un dettaglio estetico. <\/p>\n\n\n\n<!--more-->\n\n\n\n<p>\u00c8 uno dei gesti che oggi distinguono un bar dall&#8217;altro, sorprende i clienti fin dal primo caff\u00e8 della giornata e trasforma un cappuccino in un&#8217;esperienza capace di raccontare cura, professionalit\u00e0 e attenzione al servizio. Per questo l&#8217;arrivo ad Arezzo di\u00a0Stefano Cevenini, uno dei pi\u00f9 autorevoli professionisti del caff\u00e8 a livello internazionale, rappresenta un appuntamento di particolare rilievo per il settore. L&#8217;8 settembre\u00a0il\u00a0Campione Italiano di Latte Art 2025 e 2026\u00a0sar\u00e0 protagonista all&#8217;Accademia Bruno Veraldi\u00a0\u2013 in via A. Righi ad Arezzo &#8211; di una giornata di formazione dedicata ai professionisti dei pubblici esercizi. Cevenini \u00e8 una figura di riferimento nel panorama della caffetteria contemporanea. Oltre ai due titoli di Campione Italiano di Latte Art, nel 2019 ha conquistato il titolo di\u00a0World Espresso Champion, costruendo negli anni una carriera che lo ha portato a collaborare con aziende e professionisti del caff\u00e8 in numerosi Paesi. Alla formazione e alla consulenza affianca un&#8217;intensa attivit\u00e0 di ricerca e innovazione, come dimostra il progetto\u00a0Pump My Moka, di cui \u00e8 co-founder, dedicato a reinterpretare la tradizionale moka italiana.<\/p>\n","protected":false},"excerpt":{"rendered":"<p>AREZZO ARRIVA IL CAMPIONE ITALIANO DI LATTE ART STEFANO CEVENINI L&#8217;8 settembre all&#8217;Accademia Bruno Veraldi una giornata di formazione con il due volte campione italiano Un cuore, una rosetta, un tulipano o una decorazione personalizzata: la Latte Art \u00e8 diventata molto pi\u00f9 di un dettaglio estetico.<\/p>\n","protected":false},"author":1,"featured_media":0,"comment_status":"closed","ping_status":"closed","sticky":false,"template":"","format":"standard","meta":[],"categories":[1],"tags":[],"_links":{"self":[{"href":"https:\/\/www.radioribelle.it\/index.php\/wp-json\/wp\/v2\/posts\/3726"}],"collection":[{"href":"https:\/\/www.radioribelle.it\/index.php\/wp-json\/wp\/v2\/posts"}],"about":[{"href":"https:\/\/www.radioribelle.it\/index.php\/wp-json\/wp\/v2\/types\/post"}],"author":[{"embeddable":true,"href":"https:\/\/www.radioribelle.it\/index.php\/wp-json\/wp\/v2\/users\/1"}],"replies":[{"embeddable":true,"href":"https:\/\/www.radioribelle.it\/index.php\/wp-json\/wp\/v2\/comments?post=3726"}],"version-history":[{"count":1,"href":"https:\/\/www.radioribelle.it\/index.php\/wp-json\/wp\/v2\/posts\/3726\/revisions"}],"predecessor-version":[{"id":3728,"href":"https:\/\/www.radioribelle.it\/index.php\/wp-json\/wp\/v2\/posts\/3726\/revisions\/3728"}],"wp:attachment":[{"href":"https:\/\/www.radioribelle.it\/index.php\/wp-json\/wp\/v2\/media?parent=3726"}],"wp:term":[{"taxonomy":"category","embeddable":true,"href":"https:\/\/www.radioribelle.it\/index.php\/wp-json\/wp\/v2\/categories?post=3726"},{"taxonomy":"post_tag","embeddable":true,"href":"https:\/\/www.radioribelle.it\/index.php\/wp-json\/wp\/v2\/tags?post=3726"}],"curies":[{"name":"wp","href":"https:\/\/api.w.org\/{rel}","templated":true}]}}