{"id":3757,"date":"2026-09-06T10:39:00","date_gmt":"2026-09-06T08:39:00","guid":{"rendered":"https:\/\/www.radioribelle.it\/?p=3757"},"modified":"2026-09-05T21:55:45","modified_gmt":"2026-09-05T19:55:45","slug":"sansepolcro-consegnata-la-cittadinanza-onoraria-a-javier-arturo-ferrer-baez","status":"publish","type":"post","link":"https:\/\/www.radioribelle.it\/index.php\/2026\/09\/06\/sansepolcro-consegnata-la-cittadinanza-onoraria-a-javier-arturo-ferrer-baez\/","title":{"rendered":"Sansepolcro, consegnata la Cittadinanza Onoraria a Javier Arturo Ferrer B\u00e1ez"},"content":{"rendered":"\n<div class=\"wp-block-image\"><figure class=\"alignleft size-large is-resized\"><img loading=\"lazy\" src=\"https:\/\/www.radioribelle.it\/wp-content\/uploads\/2026\/09\/Incontro-nuova-768x1024.jpeg\" alt=\"\" class=\"wp-image-3758\" width=\"184\" height=\"245\" srcset=\"https:\/\/www.radioribelle.it\/wp-content\/uploads\/2026\/09\/Incontro-nuova-768x1024.jpeg 768w, https:\/\/www.radioribelle.it\/wp-content\/uploads\/2026\/09\/Incontro-nuova-225x300.jpeg 225w, https:\/\/www.radioribelle.it\/wp-content\/uploads\/2026\/09\/Incontro-nuova-1152x1536.jpeg 1152w, https:\/\/www.radioribelle.it\/wp-content\/uploads\/2026\/09\/Incontro-nuova-1536x2048.jpeg 1536w, https:\/\/www.radioribelle.it\/wp-content\/uploads\/2026\/09\/Incontro-nuova-619x825.jpeg 619w, https:\/\/www.radioribelle.it\/wp-content\/uploads\/2026\/09\/Incontro-nuova-scaled.jpeg 1920w\" sizes=\"(max-width: 184px) 100vw, 184px\" \/><\/figure><\/div>\n\n\n\n<p>SANSEPOLCRO &#8211; Un legame internazionale nel segno di Luca Pacioli Si \u00e8 svolto questa mattina a Sansepolcro un momento istituzionale dedicato alle relazioni internazionali della citt\u00e0 e alla valorizzazione del suo patrimonio storico e culturale, con al centro le figure di Luca Pacioli e San Francesco con l\u2019auspicio di nuove prospettive di collaborazione e promozione<\/p>\n\n\n\n<!--more-->\n\n\n\n<p>L\u2019appuntamento si \u00e8 aperto con il saluto a Ildefonso de la Campa Montenegro, Presidente della Federazione Europea dei Cammini di Santiago, ospite a Sansepolcro su invito del Presidente del Consiglio comunale Antonello Antonelli. Una presenza che si inserisce nel lavoro portato avanti in questi anni dallo stesso Antonelli per la promozione dei Cammini di San Francesco e nella rete di rapporti costruita con le realt\u00e0 impegnate nella gestione e nella valorizzazione dei grandi cammini europei. Relazioni istituzionali che nel tempo si sono consolidate anche attraverso legami di stima e amicizia. Cuore della mattinata \u00e8 stata quindi la consegna della Cittadinanza Onoraria di Sansepolcro a Javier Arturo Ferrer B\u00e1ez, Direttore Generale di Revisione Contabile del Gruppo Salinas. Il Consiglio Comunale, nella seduta del 14 maggio 2026, aveva conferito la Cittadinanza Onoraria a Ferrer B\u00e1ez e a Ricardo Benjamin Salinas Pliego, Presidente del Gruppo Salinas, quale riconoscimento per il contributo offerto alla conoscenza e alla promozione internazionale di Sansepolcro e di uno dei suoi cittadini pi\u00f9 illustri, Luca Pacioli. Salinas Pliego, impossibilitato a partecipare alla cerimonia per impegni imprenditoriali, \u00e8 stato rappresentato nell\u2019occasione dallo stesso Ferrer B\u00e1ez. Alla base del riconoscimento vi \u00e8 in particolare l\u2019organizzazione e la realizzazione dell\u2019evento scientifico-culturale \u201cRedescubriendo a un genio: Luca Pacioli\u201d, tenutosi a Citt\u00e0 del Messico nel novembre 2024. L\u2019iniziativa ha riunito studiosi di fama internazionale, contribuendo a dare all\u2019opera e alla figura di Pacioli una significativa diffusione nel mondo latino-americano e, insieme ad esse, alla cultura rinascimentale e al nome della sua citt\u00e0 natale. La Cittadinanza Onoraria rappresenta infatti uno dei pi\u00f9 importanti riconoscimenti attraverso i quali Sansepolcro esprime la propria gratitudine verso personalit\u00e0 che, pur non appartenendo anagraficamente alla comunit\u00e0, si siano distinte per opere, iniziative e attivit\u00e0 capaci di portare un contributo significativo alla citt\u00e0 e alla sua conoscenza. La cerimonia di questa mattina, impreziosita dalla musica e i cenni storici del musicologo, direttore d&#8217;orchestra e compositore Salvatore Dell\u2019Atti, non rappresenta per\u00f2 un punto di arrivo. I rapporti tra il Comune di Sansepolcro e il Gruppo Salinas proseguono e guardano gi\u00e0 a nuovi progetti, con l\u2019auspicio di sviluppare ulteriori occasioni di collaborazione culturale e di promozione internazionale. Il patrimonio legato a Luca Pacioli, la grande eredit\u00e0 rinascimentale di Sansepolcro e il suo ruolo lungo gli itinerari culturali e spirituali rappresentano, infatti, elementi sui quali continuare a costruire relazioni capaci di mettere in dialogo territori e realt\u00e0 anche molto lontani geograficamente. L\u2019auspicio dell\u2019Amministrazione comunale \u00e8 che i rapporti consolidati in questi anni possano tradursi in nuove opportunit\u00e0 di scambio, progettazione e promozione, rafforzando sempre pi\u00f9 la presenza e la conoscenza di Sansepolcro in un contesto internazionale.<\/p>\n","protected":false},"excerpt":{"rendered":"<p>SANSEPOLCRO &#8211; Un legame internazionale nel segno di Luca Pacioli Si \u00e8 svolto questa mattina a Sansepolcro un momento istituzionale dedicato alle relazioni internazionali della citt\u00e0 e alla valorizzazione del suo patrimonio storico e culturale, con al centro le figure di Luca Pacioli e San Francesco con l\u2019auspicio di nuove prospettive di collaborazione e promozione<\/p>\n","protected":false},"author":1,"featured_media":0,"comment_status":"closed","ping_status":"closed","sticky":false,"template":"","format":"standard","meta":[],"categories":[1],"tags":[],"_links":{"self":[{"href":"https:\/\/www.radioribelle.it\/index.php\/wp-json\/wp\/v2\/posts\/3757"}],"collection":[{"href":"https:\/\/www.radioribelle.it\/index.php\/wp-json\/wp\/v2\/posts"}],"about":[{"href":"https:\/\/www.radioribelle.it\/index.php\/wp-json\/wp\/v2\/types\/post"}],"author":[{"embeddable":true,"href":"https:\/\/www.radioribelle.it\/index.php\/wp-json\/wp\/v2\/users\/1"}],"replies":[{"embeddable":true,"href":"https:\/\/www.radioribelle.it\/index.php\/wp-json\/wp\/v2\/comments?post=3757"}],"version-history":[{"count":1,"href":"https:\/\/www.radioribelle.it\/index.php\/wp-json\/wp\/v2\/posts\/3757\/revisions"}],"predecessor-version":[{"id":3759,"href":"https:\/\/www.radioribelle.it\/index.php\/wp-json\/wp\/v2\/posts\/3757\/revisions\/3759"}],"wp:attachment":[{"href":"https:\/\/www.radioribelle.it\/index.php\/wp-json\/wp\/v2\/media?parent=3757"}],"wp:term":[{"taxonomy":"category","embeddable":true,"href":"https:\/\/www.radioribelle.it\/index.php\/wp-json\/wp\/v2\/categories?post=3757"},{"taxonomy":"post_tag","embeddable":true,"href":"https:\/\/www.radioribelle.it\/index.php\/wp-json\/wp\/v2\/tags?post=3757"}],"curies":[{"name":"wp","href":"https:\/\/api.w.org\/{rel}","templated":true}]}}