{"id":37956,"date":"2025-02-23T13:31:00","date_gmt":"2025-02-23T12:31:00","guid":{"rendered":"https:\/\/www.radioribelle.it\/?p=37956"},"modified":"2025-02-21T10:52:37","modified_gmt":"2025-02-21T09:52:37","slug":"comune-di-sansepolcro-consiglio-comunale-2","status":"publish","type":"post","link":"https:\/\/www.radioribelle.it\/index.php\/2025\/02\/23\/comune-di-sansepolcro-consiglio-comunale-2\/","title":{"rendered":"Comune di Sansepolcro Consiglio Comunale"},"content":{"rendered":"\n<div class=\"wp-block-image\"><figure class=\"alignleft size-large is-resized\"><img loading=\"lazy\" src=\"https:\/\/www.radioribelle.it\/wp-content\/uploads\/2025\/02\/Sala-del-consiglio-1024x768.jpeg\" alt=\"\" class=\"wp-image-37958\" width=\"292\" height=\"219\" srcset=\"https:\/\/www.radioribelle.it\/wp-content\/uploads\/2025\/02\/Sala-del-consiglio-1024x768.jpeg 1024w, https:\/\/www.radioribelle.it\/wp-content\/uploads\/2025\/02\/Sala-del-consiglio-300x225.jpeg 300w, https:\/\/www.radioribelle.it\/wp-content\/uploads\/2025\/02\/Sala-del-consiglio-768x576.jpeg 768w, https:\/\/www.radioribelle.it\/wp-content\/uploads\/2025\/02\/Sala-del-consiglio-1536x1152.jpeg 1536w, https:\/\/www.radioribelle.it\/wp-content\/uploads\/2025\/02\/Sala-del-consiglio-619x464.jpeg 619w, https:\/\/www.radioribelle.it\/wp-content\/uploads\/2025\/02\/Sala-del-consiglio.jpeg 1600w\" sizes=\"(max-width: 292px) 100vw, 292px\" \/><\/figure><\/div>\n\n\n\n<p>Convocazione del Consiglio Comunale per il giorno mercoled\u00ec 26 febbraio 2025 alle ore 19:30 nella Sala Consiliare di Palazzo delle Laudi.<br>Il Consiglio Comunale \u00e8 convocato il giorno mercoled\u00ec 26 febbraio 2025 alle ore 19:30 nella Sala Consiliare di Palazzo delle Laudi per discutere gli argomenti di cui al seguente:ORDINE DEL GIORNO1.\u00a0Comunicazioni del Presidente del Consiglio;2.\u00a0Comunicazioni del Sindaco;3.\u00a0Surroga di un Consigliere ai sensi dell\u2019art. 45 del D.Lgs. 267\/2000 e convalida nuovo eletto;4.\u00a0Determinazioni in merito alle Commissioni Consiliari a seguito della surroga di un Consigliere Comunale.<\/p>\n","protected":false},"excerpt":{"rendered":"<p>Convocazione del Consiglio Comunale per il giorno mercoled\u00ec 26 febbraio 2025 alle ore 19:30 nella Sala Consiliare di Palazzo delle Laudi.Il Consiglio Comunale \u00e8 convocato il giorno mercoled\u00ec 26 febbraio 2025 alle ore 19:30 nella Sala Consiliare di Palazzo delle Laudi per discutere gli argomenti di cui al seguente:ORDINE DEL GIORNO1.\u00a0Comunicazioni del Presidente del Consiglio;2.\u00a0Comunicazioni [&hellip;]<\/p>\n","protected":false},"author":1,"featured_media":0,"comment_status":"open","ping_status":"open","sticky":false,"template":"","format":"standard","meta":{"_joinchat":[]},"categories":[1],"tags":[],"_links":{"self":[{"href":"https:\/\/www.radioribelle.it\/index.php\/wp-json\/wp\/v2\/posts\/37956"}],"collection":[{"href":"https:\/\/www.radioribelle.it\/index.php\/wp-json\/wp\/v2\/posts"}],"about":[{"href":"https:\/\/www.radioribelle.it\/index.php\/wp-json\/wp\/v2\/types\/post"}],"author":[{"embeddable":true,"href":"https:\/\/www.radioribelle.it\/index.php\/wp-json\/wp\/v2\/users\/1"}],"replies":[{"embeddable":true,"href":"https:\/\/www.radioribelle.it\/index.php\/wp-json\/wp\/v2\/comments?post=37956"}],"version-history":[{"count":1,"href":"https:\/\/www.radioribelle.it\/index.php\/wp-json\/wp\/v2\/posts\/37956\/revisions"}],"predecessor-version":[{"id":37959,"href":"https:\/\/www.radioribelle.it\/index.php\/wp-json\/wp\/v2\/posts\/37956\/revisions\/37959"}],"wp:attachment":[{"href":"https:\/\/www.radioribelle.it\/index.php\/wp-json\/wp\/v2\/media?parent=37956"}],"wp:term":[{"taxonomy":"category","embeddable":true,"href":"https:\/\/www.radioribelle.it\/index.php\/wp-json\/wp\/v2\/categories?post=37956"},{"taxonomy":"post_tag","embeddable":true,"href":"https:\/\/www.radioribelle.it\/index.php\/wp-json\/wp\/v2\/tags?post=37956"}],"curies":[{"name":"wp","href":"https:\/\/api.w.org\/{rel}","templated":true}]}}