{"id":38243,"date":"2025-02-27T14:22:59","date_gmt":"2025-02-27T13:22:59","guid":{"rendered":"https:\/\/www.radioribelle.it\/?p=38243"},"modified":"2025-02-27T14:23:11","modified_gmt":"2025-02-27T13:23:11","slug":"giornata-internazionale-dei-diritti-della-donna-2","status":"publish","type":"post","link":"https:\/\/www.radioribelle.it\/index.php\/2025\/02\/27\/giornata-internazionale-dei-diritti-della-donna-2\/","title":{"rendered":"Giornata internazionale dei diritti della donna"},"content":{"rendered":"\n<div class=\"wp-block-image\"><figure class=\"alignright size-full is-resized\"><img loading=\"lazy\" src=\"https:\/\/www.radioribelle.it\/wp-content\/uploads\/2025\/02\/donna.png\" alt=\"\" class=\"wp-image-38244\" width=\"317\" height=\"175\" srcset=\"https:\/\/www.radioribelle.it\/wp-content\/uploads\/2025\/02\/donna.png 703w, https:\/\/www.radioribelle.it\/wp-content\/uploads\/2025\/02\/donna-300x166.png 300w, https:\/\/www.radioribelle.it\/wp-content\/uploads\/2025\/02\/donna-619x342.png 619w\" sizes=\"(max-width: 317px) 100vw, 317px\" \/><\/figure><\/div>\n\n\n\n<p> SINALUNGA in prima linea sui temi delle pari opportunit\u00e0 e del contrasto a ogni forma di violenza Parte da Sinalunga \u2018Libere di Essere\u2019, il cartellone degli eventi che l&#8217;Unione dei Comuni Valdichiana Senese, insieme al Centro Pari Opportunit\u00e0, in collaborazione con le consigliere e delegate alle Pari Opportunit\u00e0 dei dieci Comuni, Amica Donna e tante associazioni locali, ha organizzato in occasione dell\u20198 Marzo \u2013 Giornata Internazionale dei diritti della donna<\/p>\n\n\n\n<!--more-->\n\n\n\n<p> Partir\u00e0 da Sinalunga il cartellone delle iniziative che l&#8217;Unione dei Comuni Valdichiana Senese, insieme al Centro Pari Opportunit\u00e0, in collaborazione con le consigliere e delegate alle Pari Opportunit\u00e0 dei dieci Comuni, Amica Donna e le tante associazioni locali, ha organizzato per celebrare l\u20198Marzo \u2013Giornata internazionale dei diritti della donna. \u201cLibere di Essere&#8221; \u00e8 il titolo unico che far\u00e0 da filo conduttore a tutti gli appuntamenti organizzati dai dieci Comuni della Valdichiana Senese e che vuole essere un grido di battaglia al contrasto a ogni forma di violenza, alla libert\u00e0 di essere nella normalit\u00e0 della vita di tutti i giorni, nelle azioni lavorative e personali, perch\u00e9 la libert\u00e0 deve essere un diritto di tutte e di tutti.<\/p>\n\n\n\n<p>La prima iniziativa \u00e8 in programma domenica 2 Marzo alle ore 17:30 presso la Biblioteca Comunale di Sinalunga sezione Bibet di Bettolle con A tu per tu con Cristiana Cella, giornalista, scrittrice e sceneggiatrice <em>Donne nel mondo: tra oppressione e lotta per i diritti e <\/em>una mostra fotografica a cura di Visiolapse, con la realizzazione fotografica di Sofia Pericoli con modelle truccate e pettinate da Renata Pappano. Il programma poi prosegue sabato 8 Marzo Alle ore 20.30, presso Teatro Comunale Ciro Pinsuti di Sinalunga con lo spettacolo sensoriale <em>Il senso della donna<\/em> per la regia di Stefano Bernardini.<\/p>\n\n\n\n<p>Venerd\u00ec 14 Marzo Alle ore 21.15 presso la Sala Polivalente di Bettolle- Sinalunga <em>Parlar bene delle donne con lo spettacolo Pia De\u2019 Tolomei e le altre<\/em> organizzazione a cura dell\u2019associazione Astrolabio. \u00a0<\/p>\n\n\n\n<p>Venerd\u00ec 21 Marzo alle ore 17:30, presso Villa Il Casato a Bettolle, l\u2019incontro \u2018Missione Donna\u2019 per celebrare le donne che del loro lavoro ne hanno fatto una missione. L\u2019iniziativa vedr\u00e0 il coinvolgimento delle attivit\u00e0 di ristorazione del territorio comunale, ogni attivit\u00e0 dovr\u00e0 scegliere una donna che ha fatto del suo lavoro una missione. Il piatto a loro ispirato dovr\u00e0 rappresentare le caratteristiche della personalit\u00e0 scelta e gli ingredienti utilizzati ne dovranno valorizzare le qualit\u00e0. Durante la serata verranno consegnati dei riconoscimenti a delle donne che con impegno, dedizione e sacrificio hanno raggiunto importati risultati nel loro campo lavorativo. L\u2019appuntamento \u00e8 organizzato dal Comune di Sinalunga con la collaborazione di Soroptimist Club Chianciano Montepulciano e Bettolle in Rosa.<\/p>\n\n\n\n<p>Domenica 23 Marzo alle ore 9.00 a Rigaiolo \u2013 Sinalunga, Eco passeggiata e installazione della Casina dei Libri con selezione di autrici donne, per un\u2019educazione alla parit\u00e0 di genere che parta dalla scuola.<\/p>\n\n\n\n<p>Su Sinalunga l\u2019ultimo appuntamento del calendario \u00e8 in programma per Venerd\u00ec 28 Marzo alle ore 21.00, presso il Teatro Comunale Ciro Pinsuti di Sinalunga \u201c<em>In quanto donne\u2026Dalla disparit\u00e0 alla forza di essere\u201d, i<\/em>nterverranno: Agnese Carletti, presidente della Provincia. Donatella Cinelli Colombini imprenditrice, Enza de Fusco Vicequestore della Polizia di Stato, Dirigente del commissariato di Chiusi. Marzia Sandroni Direttrice facente funzioni della Zona Distretto Valdarno, con la moderazione di Michela Berti giornalista La Nazione.<\/p>\n","protected":false},"excerpt":{"rendered":"<p>SINALUNGA in prima linea sui temi delle pari opportunit\u00e0 e del contrasto a ogni forma di violenza Parte da Sinalunga \u2018Libere di Essere\u2019, il cartellone degli eventi che l&#8217;Unione dei Comuni Valdichiana Senese, insieme al Centro Pari Opportunit\u00e0, in collaborazione con le consigliere e delegate alle Pari Opportunit\u00e0 dei dieci Comuni, Amica Donna e tante [&hellip;]<\/p>\n","protected":false},"author":1,"featured_media":0,"comment_status":"open","ping_status":"open","sticky":false,"template":"","format":"standard","meta":{"_joinchat":[]},"categories":[1],"tags":[],"_links":{"self":[{"href":"https:\/\/www.radioribelle.it\/index.php\/wp-json\/wp\/v2\/posts\/38243"}],"collection":[{"href":"https:\/\/www.radioribelle.it\/index.php\/wp-json\/wp\/v2\/posts"}],"about":[{"href":"https:\/\/www.radioribelle.it\/index.php\/wp-json\/wp\/v2\/types\/post"}],"author":[{"embeddable":true,"href":"https:\/\/www.radioribelle.it\/index.php\/wp-json\/wp\/v2\/users\/1"}],"replies":[{"embeddable":true,"href":"https:\/\/www.radioribelle.it\/index.php\/wp-json\/wp\/v2\/comments?post=38243"}],"version-history":[{"count":2,"href":"https:\/\/www.radioribelle.it\/index.php\/wp-json\/wp\/v2\/posts\/38243\/revisions"}],"predecessor-version":[{"id":38246,"href":"https:\/\/www.radioribelle.it\/index.php\/wp-json\/wp\/v2\/posts\/38243\/revisions\/38246"}],"wp:attachment":[{"href":"https:\/\/www.radioribelle.it\/index.php\/wp-json\/wp\/v2\/media?parent=38243"}],"wp:term":[{"taxonomy":"category","embeddable":true,"href":"https:\/\/www.radioribelle.it\/index.php\/wp-json\/wp\/v2\/categories?post=38243"},{"taxonomy":"post_tag","embeddable":true,"href":"https:\/\/www.radioribelle.it\/index.php\/wp-json\/wp\/v2\/tags?post=38243"}],"curies":[{"name":"wp","href":"https:\/\/api.w.org\/{rel}","templated":true}]}}