{"id":38530,"date":"2025-03-09T11:31:00","date_gmt":"2025-03-09T10:31:00","guid":{"rendered":"https:\/\/www.radioribelle.it\/?p=38530"},"modified":"2025-03-06T18:33:20","modified_gmt":"2025-03-06T17:33:20","slug":"due-mari-nuovo-ricorso-al-tar","status":"publish","type":"post","link":"https:\/\/www.radioribelle.it\/index.php\/2025\/03\/09\/due-mari-nuovo-ricorso-al-tar\/","title":{"rendered":"Due Mari, nuovo ricorso al TAR"},"content":{"rendered":"\n<div class=\"wp-block-image\"><figure class=\"alignright size-large is-resized\"><img loading=\"lazy\" src=\"https:\/\/www.radioribelle.it\/wp-content\/uploads\/2025\/03\/due-mari-1024x685.jpg\" alt=\"\" class=\"wp-image-38532\" width=\"303\" height=\"202\" srcset=\"https:\/\/www.radioribelle.it\/wp-content\/uploads\/2025\/03\/due-mari-1024x685.jpg 1024w, https:\/\/www.radioribelle.it\/wp-content\/uploads\/2025\/03\/due-mari-300x201.jpg 300w, https:\/\/www.radioribelle.it\/wp-content\/uploads\/2025\/03\/due-mari-768x514.jpg 768w, https:\/\/www.radioribelle.it\/wp-content\/uploads\/2025\/03\/due-mari-1536x1028.jpg 1536w, https:\/\/www.radioribelle.it\/wp-content\/uploads\/2025\/03\/due-mari-619x414.jpg 619w, https:\/\/www.radioribelle.it\/wp-content\/uploads\/2025\/03\/due-mari.jpg 1600w\" sizes=\"(max-width: 303px) 100vw, 303px\" \/><\/figure><\/div>\n\n\n\n<p>A seguito del mancato accoglimento da parte del Commissario straordinario delle modifiche generali e puntuali al progetto di Anas relativo alle due bretelle di collegamento tra la Due Mari da una parte e il raccordo autostradale Arezzo-Battifolle e la Umbro-Casentinese dall&#8217;altra, proposte dall\u2019amministrazione, modifiche che avevano come obiettivo quello di ridurre gli impatti ambientali sia in fase di cantierizzazione che in esercizio dell\u2019opera, la Giunta questa mattina ha deciso all\u2019unanimit\u00e0 di dare avvio a un nuovo ricorso al TAR Toscana per l\u2019annullamento dell\u2019ultimo atto emanato dal Commissario straordinario e relativo all\u2019approvazione del progetto definitivo. <\/p>\n\n\n\n<!--more-->\n\n\n\n<p>Ci\u00f2 in completa osservanza di quanto previsto dall\u2019atto di indirizzo gi\u00e0 deliberato con una ampia maggioranza dal Consiglio comunale nell\u2019ottobre 2023. Il Commissario straordinario malgrado i numerosi inviti dell\u2019amministrazione, inviti supportati anche dalla Regione Toscana, non ha accolto le osservazioni avanzate dal Comune di Arezzo soprattutto quella di stralciare dal progetto la bretella di collegamento tra il raccordo autostradale e l\u2019area di San Zeno, intervento molto impattante e pertanto da assoggettare a valutazione di impatto ambientale. Un ricorso che recepisce in pieno le istanze dei cittadini e dell\u2019amministrazione e che invitava a una rivalutazione del progetto al fine di trovare una soluzione migliore e alternativa, anche in considerazione degli oggettivi cambiamenti in termini di urbanizzazione e antropizzazione avvenuti negli ultimi venti anni dalla data di approvazione del progetto. \u201cL\u2019atto assunto dal Commissario straordinario di approvazione del progetto definitivo &#8211; ha dichiarato il sindaco Alessandro\u00a0Ghinelli &#8211; non ci scoraggia. La tutela del territorio e la salvaguardia dell\u2019ambiente sono volont\u00e0 della citt\u00e0, rappresentata dal Consiglio comunale. Per questo motivo, la Giunta ha deliberato all\u2019unanimit\u00e0 di presentare un nuovo ricorso al TAR Toscana per l\u2019annullamento dell\u2019atto di approvazione del progetto definitivo. Riteniamo che le criticit\u00e0 da noi sollevate, relative all\u2019impatto ambientale generato dal collegamento tra il raccordo autostradale a San Giuliano e l\u2019area di San Zeno siano pi\u00f9 che mai valide. L\u2019amministrazione di Arezzo non \u00e8 affatto contraria al completamento della Due Mari, opera infrastrutturale che il territorio aspetta da decenni, ma ritiene che la stessa debba essere realizzata nel migliore dei modi. Non possiamo ignorare le preoccupazioni dei cittadini e le mutate condizioni del territorio rispetto a vent\u2019anni fa, quando il progetto fu approvato. Confidiamo che il TAR Toscana sapr\u00e0 ascoltare le nostre ragioni e riconoscere la necessit\u00e0 di soluzioni alternative, pi\u00f9 rispettose dell\u2019ambiente e delle esigenze della comunit\u00e0\u201d.<\/p>\n","protected":false},"excerpt":{"rendered":"<p>A seguito del mancato accoglimento da parte del Commissario straordinario delle modifiche generali e puntuali al progetto di Anas relativo alle due bretelle di collegamento tra la Due Mari da una parte e il raccordo autostradale Arezzo-Battifolle e la Umbro-Casentinese dall&#8217;altra, proposte dall\u2019amministrazione, modifiche che avevano come obiettivo quello di ridurre gli impatti ambientali sia [&hellip;]<\/p>\n","protected":false},"author":1,"featured_media":0,"comment_status":"open","ping_status":"open","sticky":false,"template":"","format":"standard","meta":{"_joinchat":[]},"categories":[1],"tags":[],"_links":{"self":[{"href":"https:\/\/www.radioribelle.it\/index.php\/wp-json\/wp\/v2\/posts\/38530"}],"collection":[{"href":"https:\/\/www.radioribelle.it\/index.php\/wp-json\/wp\/v2\/posts"}],"about":[{"href":"https:\/\/www.radioribelle.it\/index.php\/wp-json\/wp\/v2\/types\/post"}],"author":[{"embeddable":true,"href":"https:\/\/www.radioribelle.it\/index.php\/wp-json\/wp\/v2\/users\/1"}],"replies":[{"embeddable":true,"href":"https:\/\/www.radioribelle.it\/index.php\/wp-json\/wp\/v2\/comments?post=38530"}],"version-history":[{"count":1,"href":"https:\/\/www.radioribelle.it\/index.php\/wp-json\/wp\/v2\/posts\/38530\/revisions"}],"predecessor-version":[{"id":38533,"href":"https:\/\/www.radioribelle.it\/index.php\/wp-json\/wp\/v2\/posts\/38530\/revisions\/38533"}],"wp:attachment":[{"href":"https:\/\/www.radioribelle.it\/index.php\/wp-json\/wp\/v2\/media?parent=38530"}],"wp:term":[{"taxonomy":"category","embeddable":true,"href":"https:\/\/www.radioribelle.it\/index.php\/wp-json\/wp\/v2\/categories?post=38530"},{"taxonomy":"post_tag","embeddable":true,"href":"https:\/\/www.radioribelle.it\/index.php\/wp-json\/wp\/v2\/tags?post=38530"}],"curies":[{"name":"wp","href":"https:\/\/api.w.org\/{rel}","templated":true}]}}