{"id":39742,"date":"2025-04-09T18:31:00","date_gmt":"2025-04-09T16:31:00","guid":{"rendered":"https:\/\/www.radioribelle.it\/?p=39742"},"modified":"2025-04-09T12:34:34","modified_gmt":"2025-04-09T10:34:34","slug":"fisarmonica-e-chitarra-giovanni-belia-padam","status":"publish","type":"post","link":"https:\/\/www.radioribelle.it\/index.php\/2025\/04\/09\/fisarmonica-e-chitarra-giovanni-belia-padam\/","title":{"rendered":"Fisarmonica e chitarra Giovanni Belia Padam"},"content":{"rendered":"\n<div class=\"wp-block-image\"><figure class=\"alignright size-large is-resized\"><img loading=\"lazy\" src=\"https:\/\/www.radioribelle.it\/wp-content\/uploads\/2025\/04\/PADAM-PADAM-ADELE-TIRANTE-712x1024.jpg\" alt=\"\" class=\"wp-image-39743\" width=\"236\" height=\"339\" srcset=\"https:\/\/www.radioribelle.it\/wp-content\/uploads\/2025\/04\/PADAM-PADAM-ADELE-TIRANTE-712x1024.jpg 712w, https:\/\/www.radioribelle.it\/wp-content\/uploads\/2025\/04\/PADAM-PADAM-ADELE-TIRANTE-209x300.jpg 209w, https:\/\/www.radioribelle.it\/wp-content\/uploads\/2025\/04\/PADAM-PADAM-ADELE-TIRANTE-768x1104.jpg 768w, https:\/\/www.radioribelle.it\/wp-content\/uploads\/2025\/04\/PADAM-PADAM-ADELE-TIRANTE-1068x1536.jpg 1068w, https:\/\/www.radioribelle.it\/wp-content\/uploads\/2025\/04\/PADAM-PADAM-ADELE-TIRANTE-1424x2048.jpg 1424w, https:\/\/www.radioribelle.it\/wp-content\/uploads\/2025\/04\/PADAM-PADAM-ADELE-TIRANTE-619x890.jpg 619w, https:\/\/www.radioribelle.it\/wp-content\/uploads\/2025\/04\/PADAM-PADAM-ADELE-TIRANTE-scaled.jpg 1780w\" sizes=\"(max-width: 236px) 100vw, 236px\" \/><\/figure><\/div>\n\n\n\n<p>ANGHIARI &#8211; \u201cPadam\u201d \u00e8 il nome con cui anticamente di parigini chiamavano la loro citt\u00e0. <em>Padam Padam<\/em> \u00e8 il titolo di una celebre canzone cantata da Edith Piaf, il passerotto dall\u2019ugola d\u2019oro, che in questo brano esprime la vorticosa e ossessiva commedia dell\u2019Amore, che come il suono di un\u2019orchestra imprigionato nella sua memoria, \u201cprima o poi la far\u00e0 diventare folle\u201d, cos\u00ec recita il testo<\/p>\n\n\n\n<!--more-->\n\n\n\n<p> \u00c8 proprio il tema dell\u2019Amore in questa straordinaria interprete e nella sua epoca,che Adele Tirante porta sulla scena, attraverso parole liberamente tratte dalla biografia scritta dalla sorella Simone Berteaut, da Prevert e da Jean Coctau. E naturalmente attraverso le canzoni del repertorio dell\u2019immortale cantante francese, che Adele fa rivivere con intensa e rara emozione. L\u2019uccellino Piaf canta quell\u2019amoreche forse \u00e8 pi\u00f9 giusto far scoppiare dentro una canzone che vivere. L\u2019amore come palcoscenico. L\u2019amore sviscerato nelle pi\u00f9 sottili sfumature, amore come assenza, amore come perdita, amore come non amore, amore come una via di rose, un tappeto sotto i piedidell\u2019amato. <em>Padam Padam <\/em>non segue una ricerca filologica, ma la semplice volont\u00e0 di rendere testimonianza a una grande artista, attraverso il tempo della memoria e del sogno.<\/p>\n\n\n\n<p>TRIENNIOCEFAL Stagione Teatrale 2025 (e altre dipendenze)<\/p>\n\n\n\n<p>Chi non ha mai visto i Cerberi, non sa nulla delle tre teste. E spiegarle non \u00e8 facile, far loro &#8220;post&#8221; e farle entrare \u00e8 cosa dura. Il rimprovero \u00e8 sempre lo stesso: &#8220;Non c&#8217;\u00e8 chiarezza, c&#8217;\u00e8 molto fumo e poco Ariosto&#8221;. Epico. Fare una stagione teatrale \u00e8 un&#8217;epica battaglia ormai trentennale, quando tutto era innocente, dai cachet in lire al &#8220;vengo a incasso&#8221;. Nel nostro limbo, separato da appena un velo di gesso dall&#8217;inferno glaciale dei bandi pubblici, la sequenza degli spettacoli quest&#8217;anno \u00e8 un colpo di vento nello stagno della sala, dove sediamo noi: i Trienniocefali. Qual \u00e8 la logica che lega gli spettacoli? Qual \u00e8 la distanza fra l&#8217;uomo che corre e un danzatore? Fra la voce del buon Dio e quella di una radio notturna? Fra una cantante immortale e una veglia a tavola senza cibo? Dipende da voi, noi dipendiamo da voi (e da una decina di altre dipendenze che non vi diremo\u2026 La mamma, il cibo, i bandi comuniregioniministeroeuropa, il bere, la patria, la pesca di frodo, la musica e la pi\u00f9 scandalosa di tutte: gli spettacoliteatrali fatti per benino). Se non venite, i Trienniocefalipiangeranno.<\/p>\n\n\n\n<p><em>Andrea Merendelli<\/em> Direttore artistico<\/p>\n","protected":false},"excerpt":{"rendered":"<p>ANGHIARI &#8211; \u201cPadam\u201d \u00e8 il nome con cui anticamente di parigini chiamavano la loro citt\u00e0. Padam Padam \u00e8 il titolo di una celebre canzone cantata da Edith Piaf, il passerotto dall\u2019ugola d\u2019oro, che in questo brano esprime la vorticosa e ossessiva commedia dell\u2019Amore, che come il suono di un\u2019orchestra imprigionato nella sua memoria, \u201cprima o [&hellip;]<\/p>\n","protected":false},"author":1,"featured_media":0,"comment_status":"open","ping_status":"open","sticky":false,"template":"","format":"standard","meta":{"_joinchat":[]},"categories":[1],"tags":[],"_links":{"self":[{"href":"https:\/\/www.radioribelle.it\/index.php\/wp-json\/wp\/v2\/posts\/39742"}],"collection":[{"href":"https:\/\/www.radioribelle.it\/index.php\/wp-json\/wp\/v2\/posts"}],"about":[{"href":"https:\/\/www.radioribelle.it\/index.php\/wp-json\/wp\/v2\/types\/post"}],"author":[{"embeddable":true,"href":"https:\/\/www.radioribelle.it\/index.php\/wp-json\/wp\/v2\/users\/1"}],"replies":[{"embeddable":true,"href":"https:\/\/www.radioribelle.it\/index.php\/wp-json\/wp\/v2\/comments?post=39742"}],"version-history":[{"count":1,"href":"https:\/\/www.radioribelle.it\/index.php\/wp-json\/wp\/v2\/posts\/39742\/revisions"}],"predecessor-version":[{"id":39744,"href":"https:\/\/www.radioribelle.it\/index.php\/wp-json\/wp\/v2\/posts\/39742\/revisions\/39744"}],"wp:attachment":[{"href":"https:\/\/www.radioribelle.it\/index.php\/wp-json\/wp\/v2\/media?parent=39742"}],"wp:term":[{"taxonomy":"category","embeddable":true,"href":"https:\/\/www.radioribelle.it\/index.php\/wp-json\/wp\/v2\/categories?post=39742"},{"taxonomy":"post_tag","embeddable":true,"href":"https:\/\/www.radioribelle.it\/index.php\/wp-json\/wp\/v2\/tags?post=39742"}],"curies":[{"name":"wp","href":"https:\/\/api.w.org\/{rel}","templated":true}]}}