{"id":40315,"date":"2025-04-24T11:03:00","date_gmt":"2025-04-24T09:03:00","guid":{"rendered":"https:\/\/www.radioribelle.it\/?p=40315"},"modified":"2025-04-24T10:05:57","modified_gmt":"2025-04-24T08:05:57","slug":"firenze-parole-in-cammino","status":"publish","type":"post","link":"https:\/\/www.radioribelle.it\/index.php\/2025\/04\/24\/firenze-parole-in-cammino\/","title":{"rendered":"FIRENZE: PAROLE IN CAMMINO"},"content":{"rendered":"\n<div class=\"wp-block-image\"><figure class=\"alignleft size-large is-resized\"><img loading=\"lazy\" src=\"https:\/\/www.radioribelle.it\/wp-content\/uploads\/2025\/04\/LOC-PIC-FI-25-735x1024.jpg\" alt=\"\" class=\"wp-image-40316\" width=\"349\" height=\"486\" srcset=\"https:\/\/www.radioribelle.it\/wp-content\/uploads\/2025\/04\/LOC-PIC-FI-25-735x1024.jpg 735w, https:\/\/www.radioribelle.it\/wp-content\/uploads\/2025\/04\/LOC-PIC-FI-25-215x300.jpg 215w, https:\/\/www.radioribelle.it\/wp-content\/uploads\/2025\/04\/LOC-PIC-FI-25-768x1071.jpg 768w, https:\/\/www.radioribelle.it\/wp-content\/uploads\/2025\/04\/LOC-PIC-FI-25-1102x1536.jpg 1102w, https:\/\/www.radioribelle.it\/wp-content\/uploads\/2025\/04\/LOC-PIC-FI-25-1469x2048.jpg 1469w, https:\/\/www.radioribelle.it\/wp-content\/uploads\/2025\/04\/LOC-PIC-FI-25-619x863.jpg 619w, https:\/\/www.radioribelle.it\/wp-content\/uploads\/2025\/04\/LOC-PIC-FI-25-scaled.jpg 1836w\" sizes=\"(max-width: 349px) 100vw, 349px\" \/><\/figure><\/div>\n\n\n\n<p><em>PAROLE IN CAMMINO<\/em> FESTIVAL DELL\u2019ITALIANO E DELLE LINGUE D\u2019ITALIA FIRENZE, 28-30 APRILE 2025 <em>Il Festival dell\u2019Italiano e delle Lingue d\u2019Italia torna a Firenze con una tre-giorni di laboratori nelle scuole, incontri con approfondimenti, premi e l\u2019iniziativa \u201cLa parola giovanile dell\u2019anno\u201d<\/em> <\/p>\n\n\n\n<!--more-->\n\n\n\n<p><em>&#8211; Parole in cammino<\/em>, il\u00a0Festival dell\u2019Italiano e delle Lingue d\u2019Italia, alla sua\u00a0nona edizione, promosso dall\u2019associazione\u00a0La parola che non muore\u00a0e itinerante, si terr\u00e0 a\u00a0Firenze dal\u00a028 al 30 aprile\u00a0con apertura presso il Palazzo del Pegaso del\u00a0Consiglio Regionale della Toscana. Le tre giornate saranno suddivise fra l\u2019Educandato Statale della SS. Annunziata\u00a0(piazzale del Poggio Imperiale 1), al mattino del 29 e del 30 aprile, e la\u00a0Biblioteca delle Oblate\u00a0(via Oriuolo 24), al pomeriggio del 28, del 29 e \u00a0del 30 aprile.\u00a0 Sono partner della manifestazione la\u00a0Regione Toscana, il\u00a0Comune di Firenze, il\u00a0Consiglio Regionale della Toscana, la\u00a0Biblioteca delle Oblate,\u00a0l\u2019Educandato Statale \u201cSS. Annunziata\u201d,\u00a0l\u2019Universit\u00e0 degli Studi di Firenze, l\u2019Universit\u00e0\u00a0degli\u00a0Studi\u00a0di\u00a0Siena, l\u2019Universit\u00e0\u00a0per\u00a0Stranieri\u00a0di\u00a0Siena, l\u2019Ufficio\u00a0Scolastico\u00a0Regionale\u00a0della\u00a0Toscana, il\u00a0Parlamento Regionale degli Studenti della Toscana, l\u2019associazione\u00a0GENERATIO PRS\u00a0e\u00a0Unicoop Firenze, principale sponsor dell\u2019evento.\u00a0 Fra gli altri soggetti coinvolti, fra pubblici e privati, oltre agli editori\u00a0Zanichelli\u00a0e\u00a0Mondadori Edu, storici sponsor del festival, l\u2019Accademia\u00a0della\u00a0Crusca, la\u00a0Societ\u00e0\u00a0Dante\u00a0Alighieri, il\u00a0Filming Italy Sardegna Festival, la\u00a0Festa di Scienza e Filosofia di Foligno, il\u00a0Festival della Crescita, la\u00a0Fondazione\u00a0Universitaria\u00a0San\u00a0Pellegrino\u00a0e l\u2019associazione\u00a0Step-net ODV\u00a0con l\u2019ente formatore\u00a0CTS\u00a0Gifted.\u00a0\u00a0<em>Parole<\/em>\u00a0<em>in<\/em>\u00a0<em>cammino<\/em>\u00a0\u00e8 accreditato dal MIM come\u00a0\u2018corso di formazione docente\u2019,\u00a0e l\u2019ente formatore \u00e8 proprio CTS Gifted.Il personale scolastico, ai sensi del CCNL vigente, \u00e8 esonerato dal servizio per le tre giornate del festival (codice SOFIA per l\u2019iscrizione:\u00a0136968). Quest\u2019anno\u00a0<em>Parole in cammino<\/em>, oltre a riproporre il\u00a0premio itinerante \u201cVisioni\u201d, promuove l\u2019iniziativa\u00a0\u201cLa parola giovanile dell\u2019anno\u201d, rivolta in particolare alle scuole\u00a0e realizzata in collaborazione \u00a0con la\u00a0Rete Nazionale dei Licei Classici\u00a0(RNLC). Sposata dall\u2019Accademia\u00a0della\u00a0Crusca, dalla\u00a0Societ\u00e0\u00a0Dante\u00a0Alighieri, dal quotidiano\u00a0\u201cIl Messaggero\u201d, dalla trasmissione\u00a0Striscia la Notizia, da\u00a0ioRadio\u00a0e da altre testate giornalistiche ed emittenti radio-televisive, e lanciata ufficialmente al liceo\u00a0Cutelli\u00a0di\u00a0Catania\u00a0(7 aprile), diretto dalla fondatrice della rete,\u00a0Elisa Colella, vedr\u00e0 un primo bilancio proprio durante la tre giorni fiorentina, per essere quindi ripresa all\u2019interno della cornice internazionale di stelle del\u00a0Taormina Film Festival\u00a0(10-14 giugno) e del\u00a0Filming Italy Sardegna Festival\u00a0(Cagliari e Forte Village, 19-22 giugno). Nella serata conclusiva della manifestazione siciliana verranno premiate, per qualit\u00e0 della scelta e motivazione indicata, le migliori tre parole o espressioni candidate a parola dell\u2019anno dai giovani siciliani. Nella serata conclusiva del festival sardo dieci giovani studenti dell\u2019Universit\u00e0 di Cagliari, partner del festival, indosseranno altrettante magliette con su riprodotte le\u00a0dieci candidate da votare, da quel momento in poi, per il\u00a0<em>rush<\/em>\u00a0finale. La\u00a0\u201cparola giovane\u201d vincitrice del 2025\u00a0verr\u00e0 proclamata nel corso di un evento che avr\u00e0 luogo, il\u00a0primo\u00a0dicembre\u00a02025, presso il liceo\u00a0romano\u00a0Mamiani. La scuola migliore classificata si aggiudicher\u00e0 il premio speciale \u201cVisioni\u201d e un premio conferito dalla stessa\u00a0RNLC\u00a0per la creativit\u00e0 e il talento giovanile per il 2025 e, se sar\u00e0 risultata vincitrice, sar\u00e0 ovviamente la sua parola o espressione a essere proclamata\u00a0parola giovanile dell\u2019anno. \u00a0\u201cUn progetto destinato a durare nel tempo\u201d,\u00a0tiene a sottolineare\u00a0Massimo Arcangeli, \u201ce al quale hanno gi\u00e0 aderito centinaia di studenti di tutta Italia\u201d.<\/p>\n\n\n\n<p>Letizia Pini<\/p>\n","protected":false},"excerpt":{"rendered":"<p>PAROLE IN CAMMINO FESTIVAL DELL\u2019ITALIANO E DELLE LINGUE D\u2019ITALIA FIRENZE, 28-30 APRILE 2025 Il Festival dell\u2019Italiano e delle Lingue d\u2019Italia torna a Firenze con una tre-giorni di laboratori nelle scuole, incontri con approfondimenti, premi e l\u2019iniziativa \u201cLa parola giovanile dell\u2019anno\u201d<\/p>\n","protected":false},"author":1,"featured_media":0,"comment_status":"open","ping_status":"open","sticky":false,"template":"","format":"standard","meta":{"_joinchat":[]},"categories":[1],"tags":[],"_links":{"self":[{"href":"https:\/\/www.radioribelle.it\/index.php\/wp-json\/wp\/v2\/posts\/40315"}],"collection":[{"href":"https:\/\/www.radioribelle.it\/index.php\/wp-json\/wp\/v2\/posts"}],"about":[{"href":"https:\/\/www.radioribelle.it\/index.php\/wp-json\/wp\/v2\/types\/post"}],"author":[{"embeddable":true,"href":"https:\/\/www.radioribelle.it\/index.php\/wp-json\/wp\/v2\/users\/1"}],"replies":[{"embeddable":true,"href":"https:\/\/www.radioribelle.it\/index.php\/wp-json\/wp\/v2\/comments?post=40315"}],"version-history":[{"count":1,"href":"https:\/\/www.radioribelle.it\/index.php\/wp-json\/wp\/v2\/posts\/40315\/revisions"}],"predecessor-version":[{"id":40317,"href":"https:\/\/www.radioribelle.it\/index.php\/wp-json\/wp\/v2\/posts\/40315\/revisions\/40317"}],"wp:attachment":[{"href":"https:\/\/www.radioribelle.it\/index.php\/wp-json\/wp\/v2\/media?parent=40315"}],"wp:term":[{"taxonomy":"category","embeddable":true,"href":"https:\/\/www.radioribelle.it\/index.php\/wp-json\/wp\/v2\/categories?post=40315"},{"taxonomy":"post_tag","embeddable":true,"href":"https:\/\/www.radioribelle.it\/index.php\/wp-json\/wp\/v2\/tags?post=40315"}],"curies":[{"name":"wp","href":"https:\/\/api.w.org\/{rel}","templated":true}]}}