{"id":40402,"date":"2025-04-26T16:32:00","date_gmt":"2025-04-26T14:32:00","guid":{"rendered":"https:\/\/www.radioribelle.it\/?p=40402"},"modified":"2025-04-26T14:06:20","modified_gmt":"2025-04-26T12:06:20","slug":"nel-segno-della-tradizione-botti-di-montepulciano","status":"publish","type":"post","link":"https:\/\/www.radioribelle.it\/index.php\/2025\/04\/26\/nel-segno-della-tradizione-botti-di-montepulciano\/","title":{"rendered":"Nel segno della tradizione Botti di Montepulciano"},"content":{"rendered":"\n<div class=\"wp-block-image\"><figure class=\"alignright size-large is-resized\"><img loading=\"lazy\" src=\"https:\/\/www.radioribelle.it\/wp-content\/uploads\/2025\/04\/foto-apertura2-1024x683.jpg\" alt=\"\" class=\"wp-image-40403\" width=\"266\" height=\"177\" srcset=\"https:\/\/www.radioribelle.it\/wp-content\/uploads\/2025\/04\/foto-apertura2-1024x683.jpg 1024w, https:\/\/www.radioribelle.it\/wp-content\/uploads\/2025\/04\/foto-apertura2-300x200.jpg 300w, https:\/\/www.radioribelle.it\/wp-content\/uploads\/2025\/04\/foto-apertura2-768x512.jpg 768w, https:\/\/www.radioribelle.it\/wp-content\/uploads\/2025\/04\/foto-apertura2-1536x1024.jpg 1536w, https:\/\/www.radioribelle.it\/wp-content\/uploads\/2025\/04\/foto-apertura2-619x413.jpg 619w, https:\/\/www.radioribelle.it\/wp-content\/uploads\/2025\/04\/foto-apertura2.jpg 2048w\" sizes=\"(max-width: 266px) 100vw, 266px\" \/><\/figure><\/div>\n\n\n\n<p><em>MONTEPULCIANO (SI)<\/em> \u2013 Domenica 27 aprile 2025 si apre il nuovo Anno Contradaiolo del Brav\u00eco delle Botti di Montepulciano <em>La cerimonia inaugurale del Brav\u00eco delle Botti di Montepulciano 2025 prender\u00e0 il via alle ore 9:00 con il corteo storico che partir\u00e0 dal Palazzo Comunale di Montepulciano per raggiungere il Santuario di Sant\u2019Agnese. A seguire, le otto Contrade renderanno omaggio alla tradizione con l\u2019esibizione di sbandieratori e tamburini, in un\u2019atmosfera carica di storia, appartenenza e identit\u00e0<\/em><\/p>\n\n\n\n<!--more-->\n\n\n\n<p> Il Brav\u00eco delle Botti di Montepulciano 2025 prende avvio: domenica 28 aprile, a partire dalle ore 9:00, dar\u00e0 solenne inizio all\u2019Anno Contradaiolo 2024.<br>Il primo appuntamento di un lungo e appassionato lavoro del gruppo organizzatore, impegnato da mesi nella preparazione di questa storica ricorrenza.<br>Numerosi saranno gli eventi e le iniziative che accompagneranno la comunit\u00e0 poliziana verso l\u2019attesissima corsa del Brav\u00eco che dal 1974 \u2013 grazie alla visione di Don Marcello Del Balio \u2013 rappresenta il cuore pulsante della tradizione e dell\u2019identit\u00e0 cittadina.<\/p>\n\n\n\n<p>L\u2019Anno Contradaiolo, come ormai da tradizione, si apre nell\u2019ultimo fine settimana di aprile, in occasione della festivit\u00e0 dedicata a Sant\u2019Agnese, patrona di Montepulciano. Domenica 27 aprile, a partire dalle ore 9:00, il corteo storico, composto dalle autorit\u00e0 cittadine, dal Magistrato delle Contrade e dai rappresentanti delle otto contrade, muover\u00e0 dal Palazzo Comunale, snodandosi lungo le vie del centro fino a raggiungere il Santuario di Sant\u2019Agnese.<\/p>\n\n\n\n<p>Alle ore 10:00 sar\u00e0 celebrata la Santa Messa in onore della patrona. Durante il rito si terr\u00e0 la suggestiva cerimonia di apertura della teca che custodisce le spoglie di Sant\u2019Agnese, momento simbolico e profondamente sentito dalla comunit\u00e0. A conclusione della funzione religiosa, il cerimoniale proseguir\u00e0 con l\u2019esibizione degli sbandieratori e dei tamburini delle otto contrade, che con il loro tributo renderanno omaggio alla tradizione e al legame profondo che unisce Montepulciano alle sue radici.<\/p>\n\n\n\n<p>Il primo atto della storica manifestazione di Montepulciano rappresenta per tutta la comunit\u00e0 un momento carico di emozione e significato, \u00e8 l\u2019istante in cui la cittadina torna a respirare l\u2019atmosfera unica del Brav\u00eco delle Botti, rinnovando quel senso di appartenenza che accompagner\u00e0 i poliziani fino a domenica 30 agosto, quando le botti torneranno a rotolare lungo le vie del centro storico nel culmine della manifestazione.<\/p>\n\n\n\n<p>Alla cerimonia inaugurale prenderanno parte il Sindaco di Montepulciano Michele Angiolini, la Reggitrice del Magistrato delle Contrade Irene Bettollini, &nbsp;i Reggitori e il popolo delle otto Contrade di Montepulciano, testimoni dell\u2019impegno condiviso nel custodire e valorizzare una delle tradizioni pi\u00f9 sentite della comunit\u00e0.<\/p>\n","protected":false},"excerpt":{"rendered":"<p>MONTEPULCIANO (SI) \u2013 Domenica 27 aprile 2025 si apre il nuovo Anno Contradaiolo del Brav\u00eco delle Botti di Montepulciano La cerimonia inaugurale del Brav\u00eco delle Botti di Montepulciano 2025 prender\u00e0 il via alle ore 9:00 con il corteo storico che partir\u00e0 dal Palazzo Comunale di Montepulciano per raggiungere il Santuario di Sant\u2019Agnese. A seguire, le [&hellip;]<\/p>\n","protected":false},"author":1,"featured_media":0,"comment_status":"open","ping_status":"open","sticky":false,"template":"","format":"standard","meta":{"_joinchat":[]},"categories":[1],"tags":[],"_links":{"self":[{"href":"https:\/\/www.radioribelle.it\/index.php\/wp-json\/wp\/v2\/posts\/40402"}],"collection":[{"href":"https:\/\/www.radioribelle.it\/index.php\/wp-json\/wp\/v2\/posts"}],"about":[{"href":"https:\/\/www.radioribelle.it\/index.php\/wp-json\/wp\/v2\/types\/post"}],"author":[{"embeddable":true,"href":"https:\/\/www.radioribelle.it\/index.php\/wp-json\/wp\/v2\/users\/1"}],"replies":[{"embeddable":true,"href":"https:\/\/www.radioribelle.it\/index.php\/wp-json\/wp\/v2\/comments?post=40402"}],"version-history":[{"count":1,"href":"https:\/\/www.radioribelle.it\/index.php\/wp-json\/wp\/v2\/posts\/40402\/revisions"}],"predecessor-version":[{"id":40404,"href":"https:\/\/www.radioribelle.it\/index.php\/wp-json\/wp\/v2\/posts\/40402\/revisions\/40404"}],"wp:attachment":[{"href":"https:\/\/www.radioribelle.it\/index.php\/wp-json\/wp\/v2\/media?parent=40402"}],"wp:term":[{"taxonomy":"category","embeddable":true,"href":"https:\/\/www.radioribelle.it\/index.php\/wp-json\/wp\/v2\/categories?post=40402"},{"taxonomy":"post_tag","embeddable":true,"href":"https:\/\/www.radioribelle.it\/index.php\/wp-json\/wp\/v2\/tags?post=40402"}],"curies":[{"name":"wp","href":"https:\/\/api.w.org\/{rel}","templated":true}]}}