{"id":40634,"date":"2025-05-03T09:11:00","date_gmt":"2025-05-03T07:11:00","guid":{"rendered":"https:\/\/www.radioribelle.it\/?p=40634"},"modified":"2025-05-03T18:48:58","modified_gmt":"2025-05-03T16:48:58","slug":"edificio-ex-camera-di-commercio","status":"publish","type":"post","link":"https:\/\/www.radioribelle.it\/index.php\/2025\/05\/03\/edificio-ex-camera-di-commercio\/","title":{"rendered":"EDIFICIO EX CAMERA DI COMMERCIO"},"content":{"rendered":"\n<div class=\"wp-block-image\"><figure class=\"alignright size-large is-resized\"><img loading=\"lazy\" src=\"https:\/\/www.radioribelle.it\/wp-content\/uploads\/2025\/05\/EX-CAMERA-1024x576.jpg\" alt=\"\" class=\"wp-image-40635\" width=\"376\" height=\"211\" srcset=\"https:\/\/www.radioribelle.it\/wp-content\/uploads\/2025\/05\/EX-CAMERA-1024x576.jpg 1024w, https:\/\/www.radioribelle.it\/wp-content\/uploads\/2025\/05\/EX-CAMERA-300x169.jpg 300w, https:\/\/www.radioribelle.it\/wp-content\/uploads\/2025\/05\/EX-CAMERA-768x432.jpg 768w, https:\/\/www.radioribelle.it\/wp-content\/uploads\/2025\/05\/EX-CAMERA-619x348.jpg 619w, https:\/\/www.radioribelle.it\/wp-content\/uploads\/2025\/05\/EX-CAMERA.jpg 1200w\" sizes=\"(max-width: 376px) 100vw, 376px\" \/><\/figure><\/div>\n\n\n\n<p>AREZZO &#8211; NOTA DELL\u2019AMMINISTRAZIONE COMUNALE Spiace leggere le considerazioni di Gianni Ulivelli (dove \u00e8 stato fino ad oggi chi lo sa) che non si smentisce mai nel parlare a sproposito dell\u2019edificio ex camera di commercio in via Giotto. Il fabbricato \u00e8 di propriet\u00e0 privata. Lasciando intatta la pregevole struttura in acciaio con rilevanti sbalzi rispetto al piano terra, il progetto \u00e8 stato trasformato non in uffici ma in appartamenti di elevata qualit\u00e0 (non ci piace dire di lusso)<\/p>\n\n\n\n<!--more-->\n\n\n\n<p>L\u2019amministrazione comunale presieduta da Beppe Fanfani prima, e poi quella guidata dal sindaco Ghinelli, ha condiviso il progetto e le scelte che la propriet\u00e0 ha proposto circa la destinazione del resede interamente a parcheggi pertinenziali. Spiace anche che questa critica arrivi in un momento difficile per la propriet\u00e0, con la quale siamo solidali. Proprio vero che il cinismo in quel partito \u00e8 di casa. Esempi non sono mancati, anche nel recente passato, a riguardo dei lavoratori e dei risparmiatori di Banca Etruria, una banca che \u00e8 sopravvissuta a due guerre mondiali, ma non a Matteo Renzi. Invece di arrossire e tacere, ancora oggi c\u2019\u00e8 chi alza la testa e parla a vanvera \u2026 o tempora o mores\u201d.<\/p>\n","protected":false},"excerpt":{"rendered":"<p>AREZZO &#8211; NOTA DELL\u2019AMMINISTRAZIONE COMUNALE Spiace leggere le considerazioni di Gianni Ulivelli (dove \u00e8 stato fino ad oggi chi lo sa) che non si smentisce mai nel parlare a sproposito dell\u2019edificio ex camera di commercio in via Giotto. Il fabbricato \u00e8 di propriet\u00e0 privata. Lasciando intatta la pregevole struttura in acciaio con rilevanti sbalzi rispetto [&hellip;]<\/p>\n","protected":false},"author":1,"featured_media":0,"comment_status":"open","ping_status":"open","sticky":false,"template":"","format":"standard","meta":{"_joinchat":[]},"categories":[1],"tags":[],"_links":{"self":[{"href":"https:\/\/www.radioribelle.it\/index.php\/wp-json\/wp\/v2\/posts\/40634"}],"collection":[{"href":"https:\/\/www.radioribelle.it\/index.php\/wp-json\/wp\/v2\/posts"}],"about":[{"href":"https:\/\/www.radioribelle.it\/index.php\/wp-json\/wp\/v2\/types\/post"}],"author":[{"embeddable":true,"href":"https:\/\/www.radioribelle.it\/index.php\/wp-json\/wp\/v2\/users\/1"}],"replies":[{"embeddable":true,"href":"https:\/\/www.radioribelle.it\/index.php\/wp-json\/wp\/v2\/comments?post=40634"}],"version-history":[{"count":1,"href":"https:\/\/www.radioribelle.it\/index.php\/wp-json\/wp\/v2\/posts\/40634\/revisions"}],"predecessor-version":[{"id":40636,"href":"https:\/\/www.radioribelle.it\/index.php\/wp-json\/wp\/v2\/posts\/40634\/revisions\/40636"}],"wp:attachment":[{"href":"https:\/\/www.radioribelle.it\/index.php\/wp-json\/wp\/v2\/media?parent=40634"}],"wp:term":[{"taxonomy":"category","embeddable":true,"href":"https:\/\/www.radioribelle.it\/index.php\/wp-json\/wp\/v2\/categories?post=40634"},{"taxonomy":"post_tag","embeddable":true,"href":"https:\/\/www.radioribelle.it\/index.php\/wp-json\/wp\/v2\/tags?post=40634"}],"curies":[{"name":"wp","href":"https:\/\/api.w.org\/{rel}","templated":true}]}}