{"id":40695,"date":"2025-05-04T11:38:53","date_gmt":"2025-05-04T09:38:53","guid":{"rendered":"https:\/\/www.radioribelle.it\/?p=40695"},"modified":"2025-05-04T11:38:53","modified_gmt":"2025-05-04T09:38:53","slug":"sottosegretario-di-stato-alle-infrastrutture-e-ai-trasporti-sen-antonio-iannone-in-visita-istituzionale-ad-arezzo","status":"publish","type":"post","link":"https:\/\/www.radioribelle.it\/index.php\/2025\/05\/04\/sottosegretario-di-stato-alle-infrastrutture-e-ai-trasporti-sen-antonio-iannone-in-visita-istituzionale-ad-arezzo\/","title":{"rendered":"Sottosegretario di Stato alle Infrastrutture e ai Trasporti Sen. Antonio Iannone in visita istituzionale ad Arezzo"},"content":{"rendered":"\n<div class=\"wp-block-image\"><figure class=\"alignleft size-full is-resized\"><img loading=\"lazy\" src=\"https:\/\/www.radioribelle.it\/wp-content\/uploads\/2025\/05\/IANNONE.jpeg\" alt=\"\" class=\"wp-image-40696\" width=\"271\" height=\"203\" srcset=\"https:\/\/www.radioribelle.it\/wp-content\/uploads\/2025\/05\/IANNONE.jpeg 656w, https:\/\/www.radioribelle.it\/wp-content\/uploads\/2025\/05\/IANNONE-300x225.jpeg 300w, https:\/\/www.radioribelle.it\/wp-content\/uploads\/2025\/05\/IANNONE-619x464.jpeg 619w\" sizes=\"(max-width: 271px) 100vw, 271px\" \/><\/figure><\/div>\n\n\n\n<p>AREZZO &#8211;  Il\u00a0Sottosegretario di Stato alle Infrastrutture e ai Trasporti, senatore\u00a0Antonio Iannone, sar\u00e0 in visita ad\u00a0Arezzo luned\u00ec 5 maggio 2025, per una serie di incontri con le istituzioni locali e i rappresentanti delle realt\u00e0 economiche e produttive del territorio.La giornata si aprir\u00e0 alle\u00a0ore 12:45 presso la Prefettura di Arezzo, dove il Sottosegretario incontrer\u00e0 il Prefetto\u00a0Clemente Di Nuzzo\u00a0per un saluto istituzionale.A seguire, alle\u00a0ore 15:00, il Sottosegretario si recher\u00e0 presso il\u00a0Municipio, dove \u00e8 previsto un incontro con il Sindaco\u00a0Alessandro Ghinelli.<\/p>\n\n\n\n<!--more-->\n\n\n\n<p>Nel pomeriggio, il Sottosegretario Iannone parteciper\u00e0 a un incontro operativo con alcuni\u00a0sindaci e rappresentanti delle amministrazioni locali\u00a0della provincia, seguito da un confronto con le principali\u00a0organizzazioni di categoria,\u00a0tra cui\u00a0Confagricoltura, Coldiretti, Cia e il Consorzio di Bonifica.La visita si inserisce nell\u2019ambito dell\u2019attivit\u00e0 istituzionale del Ministero delle Infrastrutture e dei Trasporti volta ad approfondire, direttamente sui territori, le istanze degli enti locali e dei settori produttivi, per garantire\u00a0interventi pi\u00f9 mirati, efficaci e rispondenti ai reali bisogni delle comunit\u00e0.<\/p>\n","protected":false},"excerpt":{"rendered":"<p>AREZZO &#8211; Il\u00a0Sottosegretario di Stato alle Infrastrutture e ai Trasporti, senatore\u00a0Antonio Iannone, sar\u00e0 in visita ad\u00a0Arezzo luned\u00ec 5 maggio 2025, per una serie di incontri con le istituzioni locali e i rappresentanti delle realt\u00e0 economiche e produttive del territorio.La giornata si aprir\u00e0 alle\u00a0ore 12:45 presso la Prefettura di Arezzo, dove il Sottosegretario incontrer\u00e0 il Prefetto\u00a0Clemente [&hellip;]<\/p>\n","protected":false},"author":1,"featured_media":0,"comment_status":"open","ping_status":"open","sticky":false,"template":"","format":"standard","meta":{"_joinchat":[]},"categories":[1],"tags":[],"_links":{"self":[{"href":"https:\/\/www.radioribelle.it\/index.php\/wp-json\/wp\/v2\/posts\/40695"}],"collection":[{"href":"https:\/\/www.radioribelle.it\/index.php\/wp-json\/wp\/v2\/posts"}],"about":[{"href":"https:\/\/www.radioribelle.it\/index.php\/wp-json\/wp\/v2\/types\/post"}],"author":[{"embeddable":true,"href":"https:\/\/www.radioribelle.it\/index.php\/wp-json\/wp\/v2\/users\/1"}],"replies":[{"embeddable":true,"href":"https:\/\/www.radioribelle.it\/index.php\/wp-json\/wp\/v2\/comments?post=40695"}],"version-history":[{"count":1,"href":"https:\/\/www.radioribelle.it\/index.php\/wp-json\/wp\/v2\/posts\/40695\/revisions"}],"predecessor-version":[{"id":40697,"href":"https:\/\/www.radioribelle.it\/index.php\/wp-json\/wp\/v2\/posts\/40695\/revisions\/40697"}],"wp:attachment":[{"href":"https:\/\/www.radioribelle.it\/index.php\/wp-json\/wp\/v2\/media?parent=40695"}],"wp:term":[{"taxonomy":"category","embeddable":true,"href":"https:\/\/www.radioribelle.it\/index.php\/wp-json\/wp\/v2\/categories?post=40695"},{"taxonomy":"post_tag","embeddable":true,"href":"https:\/\/www.radioribelle.it\/index.php\/wp-json\/wp\/v2\/tags?post=40695"}],"curies":[{"name":"wp","href":"https:\/\/api.w.org\/{rel}","templated":true}]}}