{"id":4107,"date":"2022-08-07T11:20:00","date_gmt":"2022-08-07T09:20:00","guid":{"rendered":"https:\/\/www.radioribelle.it\/?p=4107"},"modified":"2022-08-08T22:23:21","modified_gmt":"2022-08-08T20:23:21","slug":"chiese-storiche-visite-guidate-al-duomo-di-citta-di-castello","status":"publish","type":"post","link":"https:\/\/www.radioribelle.it\/index.php\/2022\/08\/07\/chiese-storiche-visite-guidate-al-duomo-di-citta-di-castello\/","title":{"rendered":"Chiese Storiche visite guidate al Duomo di Citt\u00e0 di Castello"},"content":{"rendered":"\n<div class=\"wp-block-image\"><figure class=\"alignleft size-large is-resized\"><img loading=\"lazy\" src=\"https:\/\/www.radioribelle.it\/wp-content\/uploads\/2022\/08\/chiese_1280x814-1024x651.jpg\" alt=\"\" class=\"wp-image-4108\" width=\"283\" height=\"180\" srcset=\"https:\/\/www.radioribelle.it\/wp-content\/uploads\/2022\/08\/chiese_1280x814-1024x651.jpg 1024w, https:\/\/www.radioribelle.it\/wp-content\/uploads\/2022\/08\/chiese_1280x814-300x191.jpg 300w, https:\/\/www.radioribelle.it\/wp-content\/uploads\/2022\/08\/chiese_1280x814-768x488.jpg 768w, https:\/\/www.radioribelle.it\/wp-content\/uploads\/2022\/08\/chiese_1280x814-619x394.jpg 619w, https:\/\/www.radioribelle.it\/wp-content\/uploads\/2022\/08\/chiese_1280x814.jpg 1280w\" sizes=\"(max-width: 283px) 100vw, 283px\" \/><\/figure><\/div>\n\n\n\n<p>6\/13\/20\/ agosto, dalle ore 11,00 alle ore 12,00. I volontari dell\u2019Associazione Chiese Storiche nel mese di agosto, il sabato mattina, saranno a disposizione delle persone interessate a visitare la Cattedrale precisamente nei giorni<\/p>\n\n\n\n<!--more-->\n\n\n\n<p><strong>\u00a0<\/strong>Sar\u00e0 l\u2019occasione per conoscere meglio la chiesa madre della diocesi, in cui convivono, in modo inscindibile:\u00a0 fede, arte e storia. I volontari non sono guide professioniste, ma persone che si mettono a disposizione di chi vorr\u00e0 comprendere l\u2019importanza di questo edificio per la collettivit\u00e0 tifernate e dell\u2019intera valle. \u00a0Le visite sono gratuite, chi vorr\u00e0 potr\u00e0 lasciare un piccolo contributo per le attivit\u00e0 future dell\u2019associazione: liberamente e senza alcun vincolo.<\/p>\n\n\n\n<p>Il Presidente Paolo Bocci<\/p>\n","protected":false},"excerpt":{"rendered":"<p>6\/13\/20\/ agosto, dalle ore 11,00 alle ore 12,00. I volontari dell\u2019Associazione Chiese Storiche nel mese di agosto, il sabato mattina, saranno a disposizione delle persone interessate a visitare la Cattedrale precisamente nei giorni<\/p>\n","protected":false},"author":1,"featured_media":0,"comment_status":"open","ping_status":"open","sticky":false,"template":"","format":"standard","meta":{"_joinchat":[]},"categories":[1],"tags":[],"_links":{"self":[{"href":"https:\/\/www.radioribelle.it\/index.php\/wp-json\/wp\/v2\/posts\/4107"}],"collection":[{"href":"https:\/\/www.radioribelle.it\/index.php\/wp-json\/wp\/v2\/posts"}],"about":[{"href":"https:\/\/www.radioribelle.it\/index.php\/wp-json\/wp\/v2\/types\/post"}],"author":[{"embeddable":true,"href":"https:\/\/www.radioribelle.it\/index.php\/wp-json\/wp\/v2\/users\/1"}],"replies":[{"embeddable":true,"href":"https:\/\/www.radioribelle.it\/index.php\/wp-json\/wp\/v2\/comments?post=4107"}],"version-history":[{"count":1,"href":"https:\/\/www.radioribelle.it\/index.php\/wp-json\/wp\/v2\/posts\/4107\/revisions"}],"predecessor-version":[{"id":4109,"href":"https:\/\/www.radioribelle.it\/index.php\/wp-json\/wp\/v2\/posts\/4107\/revisions\/4109"}],"wp:attachment":[{"href":"https:\/\/www.radioribelle.it\/index.php\/wp-json\/wp\/v2\/media?parent=4107"}],"wp:term":[{"taxonomy":"category","embeddable":true,"href":"https:\/\/www.radioribelle.it\/index.php\/wp-json\/wp\/v2\/categories?post=4107"},{"taxonomy":"post_tag","embeddable":true,"href":"https:\/\/www.radioribelle.it\/index.php\/wp-json\/wp\/v2\/tags?post=4107"}],"curies":[{"name":"wp","href":"https:\/\/api.w.org\/{rel}","templated":true}]}}