{"id":41834,"date":"2025-05-31T18:16:00","date_gmt":"2025-05-31T16:16:00","guid":{"rendered":"https:\/\/www.radioribelle.it\/?p=41834"},"modified":"2025-05-31T08:18:54","modified_gmt":"2025-05-31T06:18:54","slug":"io-arvalia-2025-settima-edizione","status":"publish","type":"post","link":"https:\/\/www.radioribelle.it\/index.php\/2025\/05\/31\/io-arvalia-2025-settima-edizione\/","title":{"rendered":"IO ARVALIA 2025: SETTIMA EDIZIONE"},"content":{"rendered":"\n<div class=\"wp-block-image\"><figure class=\"alignright size-large is-resized\"><img loading=\"lazy\" src=\"https:\/\/www.radioribelle.it\/wp-content\/uploads\/2025\/05\/Locandina_Manifesto-Premio-Arvalia-2025--724x1024.jpg\" alt=\"\" class=\"wp-image-41837\" width=\"185\" height=\"262\" srcset=\"https:\/\/www.radioribelle.it\/wp-content\/uploads\/2025\/05\/Locandina_Manifesto-Premio-Arvalia-2025--724x1024.jpg 724w, https:\/\/www.radioribelle.it\/wp-content\/uploads\/2025\/05\/Locandina_Manifesto-Premio-Arvalia-2025--212x300.jpg 212w, https:\/\/www.radioribelle.it\/wp-content\/uploads\/2025\/05\/Locandina_Manifesto-Premio-Arvalia-2025--768x1086.jpg 768w, https:\/\/www.radioribelle.it\/wp-content\/uploads\/2025\/05\/Locandina_Manifesto-Premio-Arvalia-2025--1086x1536.jpg 1086w, https:\/\/www.radioribelle.it\/wp-content\/uploads\/2025\/05\/Locandina_Manifesto-Premio-Arvalia-2025--1448x2048.jpg 1448w, https:\/\/www.radioribelle.it\/wp-content\/uploads\/2025\/05\/Locandina_Manifesto-Premio-Arvalia-2025--619x876.jpg 619w, https:\/\/www.radioribelle.it\/wp-content\/uploads\/2025\/05\/Locandina_Manifesto-Premio-Arvalia-2025--scaled.jpg 1810w\" sizes=\"(max-width: 185px) 100vw, 185px\" \/><\/figure><\/div>\n\n\n\n<p>UNA SERATA DI GALA AL PARCO TEVERE MARCONI PER CELEBRARE L\u2019ECCELLENZA DEL MUNICIPIO XI DI ROMA Il\u00a0Premio Arvalia 2025, giunto alla settima edizione, si terr\u00e0 il prossimo 7 giugno, con una serata di Gala ricca di premi, arte e musica, che vedr\u00e0 la partecipazione di ospiti di rilievo, tra cui\u00a0Michele Placido,\u00a0Grazia Di Michele,\u00a0Max Paiella,\u00a0Enrico Capuano,\u00a0Marco Marzocca\u00a0e\u00a0Stefano Sarcinelli.<\/p>\n\n\n\n<!--more-->\n\n\n\n<p> L\u2019evento, che avr\u00e0 luogo al\u00a0Parco Tevere Marconi\u00a0con ingresso da Lungotevere di Pietra Papa, \u00e8 completamente gratuito e aperto a tutta la cittadinanza. L\u2019evento inizier\u00e0 alle\u00a018.30\u00a0con un entusiasmante\u00a0spettacolo di circo per le famiglie, a cura del\u00a0le Petit Vojage, seguito dalla premiazione del concorso\u00a0\u201cConosciamo il Municipio\u201d.\u00a0\u00a0A partire dalle\u00a021.00, prenderanno il via le premiazioni ufficiali del\u00a0Premio Arvalia 2025, che celebreranno le personalit\u00e0, le associazioni, gli artigiani, gli imprenditori e le aziende che si sono distinti per il loro impegno e per aver contribuito a valorizzare la comunit\u00e0 municipale e cittadina.<\/p>\n\n\n\n<p>Un programma ricco e variegato, che abbraccia pi\u00f9 settori artistici, offrir\u00e0 al pubblico la possibilit\u00e0 di vivere una serata unica: dal teatro al cinema, dall\u2019intrattenimento alla TV, passando per la musica dal vivo. I premi saranno consegnati a personalit\u00e0 che hanno contribuito a rendere il Municipio XI un luogo di cultura, arte e innovazione.<\/p>\n\n\n\n<p>Tra gli ospiti pi\u00f9 attesi della serata,\u00a0Michele Placido, che sar\u00e0 protagonista di un\u2019intervista esclusiva condotta da\u00a0Irma Ciaramella\u00a0e\u00a0Gino Auriuso.<\/p>\n\n\n\n<p>La musica avr\u00e0 un posto d\u2019onore con\u00a0Grazia Di Michele, interprete di fama internazionale che, accompagnata dalla band di\u00a0Enrico Capuano, offrir\u00e0 al pubblico una performance di altissimo livello.\u00a0Max Paiella, musicista, comico, imitatore e collaboratore della trasmissione\u00a0<em>Il ruggito del coniglio<\/em>\u00a0di Rai2, intratterr\u00e0 il pubblico con la sua ironia e le sue performance esilaranti; mentre a chiudere la serata saranno\u00a0Marco Marzocca\u00a0-protagonista di programmi televisivi come\u00a0<em>Il caso Scafroglia<\/em>\u00a0al fianco di Corrado Guzzanti-\u00a0e\u00a0Stefano Sarcinelli\u00a0protagonisti di un cabaret che promette di regalare risate e sorrisi a tutti i presenti.<\/p>\n\n\n\n<p>L\u2019intera serata sar\u00e0 presentata da\u00a0Irma Ciaramella\u00a0e dal\u00a0Direttore Artistico Gino Auriuso, che guideranno il pubblico attraverso un percorso di emozioni, talento e riconoscimenti.<\/p>\n\n\n\n<p>Il programma della giornata:<\/p>\n\n\n\n<ul><li>18.30: Spettacolo\u00a0Le Petit Vojage\u00a0(spettacolo per famiglie)<\/li><li>19.30: Premiazione del concorso\u00a0\u201cConosciamo il Municipio\u201d<\/li><li>21.00: Inizio delle premiazioni del\u00a0Premio Arvalia 2025\u00a0con la partecipazione di Michele Placido, Grazia Di Michele, Enrico Capuano e la sua band, Max Paiella, Marco Marzocca e Stefano Sarcinelli.<\/li><li><strong>Fino alle 24.00<\/strong>: Esibizioni artistiche e premiazioni continue, alternate da momenti di spettacolo e intrattenimento.<\/li><\/ul>\n\n\n\n<p>L\u2019ingresso all\u2019evento \u00e8 gratuito e aperto a tutti, con particolare attenzione alle persone con disabilit\u00e0, per le quali sono garantiti percorsi di accessibilit\u00e0. Per ulteriori informazioni, si invita il pubblico a seguire gli aggiornamenti sui canali ufficiali dell\u2019evento.<\/p>\n\n\n\n<p>Teatraltro, insieme al Municipio XI, \u00e8 lieta di invitare tutti a questa straordinaria serata di celebrazione della cultura, dell\u2019arte e della comunit\u00e0!<\/p>\n","protected":false},"excerpt":{"rendered":"<p>UNA SERATA DI GALA AL PARCO TEVERE MARCONI PER CELEBRARE L\u2019ECCELLENZA DEL MUNICIPIO XI DI ROMA Il\u00a0Premio Arvalia 2025, giunto alla settima edizione, si terr\u00e0 il prossimo 7 giugno, con una serata di Gala ricca di premi, arte e musica, che vedr\u00e0 la partecipazione di ospiti di rilievo, tra cui\u00a0Michele Placido,\u00a0Grazia Di Michele,\u00a0Max Paiella,\u00a0Enrico Capuano,\u00a0Marco [&hellip;]<\/p>\n","protected":false},"author":1,"featured_media":0,"comment_status":"open","ping_status":"open","sticky":false,"template":"","format":"standard","meta":{"_joinchat":[]},"categories":[1],"tags":[],"_links":{"self":[{"href":"https:\/\/www.radioribelle.it\/index.php\/wp-json\/wp\/v2\/posts\/41834"}],"collection":[{"href":"https:\/\/www.radioribelle.it\/index.php\/wp-json\/wp\/v2\/posts"}],"about":[{"href":"https:\/\/www.radioribelle.it\/index.php\/wp-json\/wp\/v2\/types\/post"}],"author":[{"embeddable":true,"href":"https:\/\/www.radioribelle.it\/index.php\/wp-json\/wp\/v2\/users\/1"}],"replies":[{"embeddable":true,"href":"https:\/\/www.radioribelle.it\/index.php\/wp-json\/wp\/v2\/comments?post=41834"}],"version-history":[{"count":1,"href":"https:\/\/www.radioribelle.it\/index.php\/wp-json\/wp\/v2\/posts\/41834\/revisions"}],"predecessor-version":[{"id":41838,"href":"https:\/\/www.radioribelle.it\/index.php\/wp-json\/wp\/v2\/posts\/41834\/revisions\/41838"}],"wp:attachment":[{"href":"https:\/\/www.radioribelle.it\/index.php\/wp-json\/wp\/v2\/media?parent=41834"}],"wp:term":[{"taxonomy":"category","embeddable":true,"href":"https:\/\/www.radioribelle.it\/index.php\/wp-json\/wp\/v2\/categories?post=41834"},{"taxonomy":"post_tag","embeddable":true,"href":"https:\/\/www.radioribelle.it\/index.php\/wp-json\/wp\/v2\/tags?post=41834"}],"curies":[{"name":"wp","href":"https:\/\/api.w.org\/{rel}","templated":true}]}}