{"id":42189,"date":"2025-06-11T13:18:00","date_gmt":"2025-06-11T11:18:00","guid":{"rendered":"https:\/\/www.radioribelle.it\/?p=42189"},"modified":"2025-06-10T15:08:50","modified_gmt":"2025-06-10T13:08:50","slug":"rosa-on-the-road","status":"publish","type":"post","link":"https:\/\/www.radioribelle.it\/index.php\/2025\/06\/11\/rosa-on-the-road\/","title":{"rendered":"Rosa \u201con the road\u201d"},"content":{"rendered":"\n<div class=\"wp-block-image\"><figure class=\"alignleft size-large is-resized\"><img loading=\"lazy\" src=\"https:\/\/www.radioribelle.it\/wp-content\/uploads\/2025\/06\/Tir-contro-violenza-donne-2-1024x683.jpg\" alt=\"\" class=\"wp-image-42190\" width=\"303\" height=\"202\" srcset=\"https:\/\/www.radioribelle.it\/wp-content\/uploads\/2025\/06\/Tir-contro-violenza-donne-2-1024x683.jpg 1024w, https:\/\/www.radioribelle.it\/wp-content\/uploads\/2025\/06\/Tir-contro-violenza-donne-2-300x200.jpg 300w, https:\/\/www.radioribelle.it\/wp-content\/uploads\/2025\/06\/Tir-contro-violenza-donne-2-768x512.jpg 768w, https:\/\/www.radioribelle.it\/wp-content\/uploads\/2025\/06\/Tir-contro-violenza-donne-2-1536x1024.jpg 1536w, https:\/\/www.radioribelle.it\/wp-content\/uploads\/2025\/06\/Tir-contro-violenza-donne-2-2048x1365.jpg 2048w, https:\/\/www.radioribelle.it\/wp-content\/uploads\/2025\/06\/Tir-contro-violenza-donne-2-619x413.jpg 619w\" sizes=\"(max-width: 303px) 100vw, 303px\" \/><\/figure><\/div>\n\n\n\n<p> fiocco rosso ed una scritta in tutte le lingue per dire no alla violenza di genere sul telo del semirimorchio di un camion colorato di rosa. Da oggi attraverser\u00e0 le strade d\u2019Italia e d\u2019Europa portando dietro un messaggio forte e di speranza in un momento particolarmente focalizzato sul problema della violenza. <\/p>\n\n\n\n<!--more-->\n\n\n\n<p>Senza dubbio originale ed efficace il progetto, primo in Italia, che una azienda di trasporti di Citt\u00e0 di Castello ha reso noto questa mattina alla presenza del sindaco, degli assessori e della segretaria nazionale della\u00a0(Federazione Autotrasportatori Italiani) Rosa \u201con the road\u201d: fiocco rosso ed una scritta in tutte le lingue per dire no alla violenza di genere sul telo del semirimorchio di un camion colorato di rosa. A partire da oggi \u00a0attraverser\u00e0 le strade d\u2019Italia e d\u2019Europa portando dietro un messaggio forte e di speranza in un momento particolarmente focalizzato sul problema della violenza. Senza dubbio originale ed efficace dunque il progetto, primo di questo genere, che una azienda di trasporti di Citt\u00e0 di Castello ha presentato qualche giorno fa all\u2019autodromo di Misano in occasione del Misano Gran Prix Truck, una fra la fiere pi\u00f9 importanti \u00a0dell\u2019autotrasporto, quello di colorare di rosa il telo del semirimorchio. \u201cQuando qualche mese fa dopo aver ordinato il nuovo semirimorchio \u2013 precisa\u00a0Annalisa Palazzetti\u00a042 anni titolare dell\u2019azienda assieme ad\u00a0Augusto Cucchiarini, coetaneo &#8211; abbiamo deciso che pur essendo da sempre il nostro colore rappresentativo il verde, volevamo fare una cosa diversa e mai realizzata: e da qui \u00e8 nata l\u2019idea di approfittare del fatto che girando tutta Italia, ogni giorno, possiamo veicolare un messaggio sociale e culturale dalla portata mondiale, per sensibilizzare pi\u00f9 persone possibili. Ed \u00e8 cos\u00ec che il nostro semirimorchio \u00e8 stato colorato di rosa, con il messaggio forte e chiaro in diverse\u00a0\u00a0lingue: \u2018stop alla violenza sulle donne\u2019. Siamo felici del profondo apprezzamento che abbiamo ricevuto con la speranza che sia il segnale che piano piano qualcosa stia cambiando\u201d, dichiarano soddisfatti, Annalisa e Augusto, convinti di aver fatto una buona cosa per una buona causa, accanto alla loro \u201ccreatura\u201d rosa nel piazzale dell\u2019azienda durante una breve ma sentita presentazione assieme al sindaco,\u00a0Luca Secondi, alle assessore alle Pari Opportunit\u00e0 e Politiche Sociali,\u00a0Letizia Guerri\u00a0e\u00a0Bendetta Calagreti, al consigliere provinciale,\u00a0Filippo Schiattelli\u00a0e alla Segretaria Generale della FAI (Federazione Autotrasportatori Italiani) e \u00a0FAI Umbria dal 2011,\u00a0Carlotta Caponi, esperta di autotrasporto e relazioni sindacali. \u00a0Il progetto \u00e8 stato realizzato da un costruttore di veicoli industriali da anni leader nel mercato dei semirimorchi Moving Floor e si distingue per un forte impatto comunicativo. \u201cIl suo allestimento singolare \u2013 hanno concluso &#8211; \u00e8 teso a sottolineare il dolore provato per questa tragedia e la fermezza con la quale i trasportatori si uniscono per contrastare la violenza di genere. \u00a0Oltre al mezzo di trasporto, diventa cos\u00ec un vero e proprio mezzo comunicativo per far circolare il messaggio in tutta l\u2019Italia e farlo arrivare a una platea molto estesa. Il monito presente sulla cassa del veicolo \u00e8 forte e chiaro\u201d. L\u2019azienda di trasporti ha le sue origini nel lontano 1977, da Francesco Palazzetti, che, nel 2008, invece di fermarsi, ormai in pensione, \u2018sposa\u2019 con la sua esperienza, la tenacia, la volont\u00e0, e l\u2019ambizione di Augusto, figlio di un caro amico prematuramente scomparso. Solo nel 2024 Annalisa (figlia del fondatore) sostituisce il padre per problemi di salute, trovando un\u2019azienda solida, all\u2019avanguardia e in espansione. \u201cStante l\u2019impegno della Federazione su questo fronte \u2013 ha sottolineato Carlotta Caponi &#8211; \u00e8 per me motivo di grande orgoglio partecipare a questa iniziativa proprio nella mia Umbria insieme alla socia Annalisa Palazzetti ad Augusto Cucchiarini, giovani imprenditori dell\u2019autotrasporto, coinvolti attivamente nella vita associativa di FAI Umbria. Con questa iniziativa prima in Italia nel settore dei trasporti, dimostrano una sensibilit\u00e0 autentica su un tema troppo spesso legato solo alla cronaca. Un gesto concreto che punta alla prevenzione e alla consapevolezza.\u201d Il settore della logistica, storicamente a prevalenza maschile, sta cambiando volto. Sempre pi\u00f9 donne ricoprono ruoli chiave, dalla gestione della supply chain alla guida dei mezzi pesanti. In Italia, il 6% dei conducenti \u00e8 donna \u2013 una percentuale superiore alla media europea \u2013 ma le difficolt\u00e0 permangono: visibilit\u00e0 limitata, scarse opportunit\u00e0 di crescita e barriere culturali ancora forti.\u201d Inutile dire che la presentazione di questo inedito e colorato progetto realizzato materialmente anche da un\u2019altra azienda tifernate, ha provocato un grande interesse e molta curiosit\u00e0. \u201cUna bella e concreta dimostrazione di sensibilit\u00e0 che con orgoglio proviene da un tessuto sociale quello di Citt\u00e0 di Castello, capofila con il comune, regione, usl, scuole, associazioni e forze dell\u2019ordine, di progetti ed iniziative di contrasto e sensibilizzazione sul tema della violenza di genere\u201d, hanno precisato il \u00a0sindaco,\u00a0Luca Secondi, le assessore alle Pari Opportunit\u00e0 e Politiche Sociali,\u00a0Letizia Guerri\u00a0e\u00a0Bendetta Calagreti, ed il consigliere provinciale,\u00a0Filippo Schiattelli,\u00a0nel congratularsi con Annalisa ed Augusto: \u201cla violenza di genere che non \u00e8 solo fisica, ma \u00e8 anche verbale, psicologica, economica, \u00e8 ormai una piaga strutturale della nostra societ\u00e0 e tutti insieme come oggi dobbiamo remare dalla stessa parte\u201d.<\/p>\n","protected":false},"excerpt":{"rendered":"<p>fiocco rosso ed una scritta in tutte le lingue per dire no alla violenza di genere sul telo del semirimorchio di un camion colorato di rosa. Da oggi attraverser\u00e0 le strade d\u2019Italia e d\u2019Europa portando dietro un messaggio forte e di speranza in un momento particolarmente focalizzato sul problema della violenza.<\/p>\n","protected":false},"author":1,"featured_media":0,"comment_status":"open","ping_status":"open","sticky":false,"template":"","format":"standard","meta":{"_joinchat":[]},"categories":[1],"tags":[],"_links":{"self":[{"href":"https:\/\/www.radioribelle.it\/index.php\/wp-json\/wp\/v2\/posts\/42189"}],"collection":[{"href":"https:\/\/www.radioribelle.it\/index.php\/wp-json\/wp\/v2\/posts"}],"about":[{"href":"https:\/\/www.radioribelle.it\/index.php\/wp-json\/wp\/v2\/types\/post"}],"author":[{"embeddable":true,"href":"https:\/\/www.radioribelle.it\/index.php\/wp-json\/wp\/v2\/users\/1"}],"replies":[{"embeddable":true,"href":"https:\/\/www.radioribelle.it\/index.php\/wp-json\/wp\/v2\/comments?post=42189"}],"version-history":[{"count":1,"href":"https:\/\/www.radioribelle.it\/index.php\/wp-json\/wp\/v2\/posts\/42189\/revisions"}],"predecessor-version":[{"id":42191,"href":"https:\/\/www.radioribelle.it\/index.php\/wp-json\/wp\/v2\/posts\/42189\/revisions\/42191"}],"wp:attachment":[{"href":"https:\/\/www.radioribelle.it\/index.php\/wp-json\/wp\/v2\/media?parent=42189"}],"wp:term":[{"taxonomy":"category","embeddable":true,"href":"https:\/\/www.radioribelle.it\/index.php\/wp-json\/wp\/v2\/categories?post=42189"},{"taxonomy":"post_tag","embeddable":true,"href":"https:\/\/www.radioribelle.it\/index.php\/wp-json\/wp\/v2\/tags?post=42189"}],"curies":[{"name":"wp","href":"https:\/\/api.w.org\/{rel}","templated":true}]}}