{"id":42214,"date":"2025-06-10T18:18:00","date_gmt":"2025-06-10T16:18:00","guid":{"rendered":"https:\/\/www.radioribelle.it\/?p=42214"},"modified":"2025-06-10T15:00:54","modified_gmt":"2025-06-10T13:00:54","slug":"el-alma-despues-lanima-dopo-residenza-e-mostra-dellartista-oscar-dominguez","status":"publish","type":"post","link":"https:\/\/www.radioribelle.it\/index.php\/2025\/06\/10\/el-alma-despues-lanima-dopo-residenza-e-mostra-dellartista-oscar-dominguez\/","title":{"rendered":"El alma despu\u00e9s \/ l\u2019anima dopo residenza e mostra dell\u2019artista Oscar Dominguez"},"content":{"rendered":"\n<div class=\"wp-block-image\"><figure class=\"aligncenter size-large is-resized\"><img loading=\"lazy\" src=\"https:\/\/www.radioribelle.it\/wp-content\/uploads\/2025\/06\/738180_85f3026f10914900b9b94adbe53af2cemv2_d_4608_2436_s_4_2-1-1024x541.jpg\" alt=\"\" class=\"wp-image-42215\" width=\"546\" height=\"288\" srcset=\"https:\/\/www.radioribelle.it\/wp-content\/uploads\/2025\/06\/738180_85f3026f10914900b9b94adbe53af2cemv2_d_4608_2436_s_4_2-1-1024x541.jpg 1024w, https:\/\/www.radioribelle.it\/wp-content\/uploads\/2025\/06\/738180_85f3026f10914900b9b94adbe53af2cemv2_d_4608_2436_s_4_2-1-300x159.jpg 300w, https:\/\/www.radioribelle.it\/wp-content\/uploads\/2025\/06\/738180_85f3026f10914900b9b94adbe53af2cemv2_d_4608_2436_s_4_2-1-768x406.jpg 768w, https:\/\/www.radioribelle.it\/wp-content\/uploads\/2025\/06\/738180_85f3026f10914900b9b94adbe53af2cemv2_d_4608_2436_s_4_2-1-1536x812.jpg 1536w, https:\/\/www.radioribelle.it\/wp-content\/uploads\/2025\/06\/738180_85f3026f10914900b9b94adbe53af2cemv2_d_4608_2436_s_4_2-1-2048x1082.jpg 2048w, https:\/\/www.radioribelle.it\/wp-content\/uploads\/2025\/06\/738180_85f3026f10914900b9b94adbe53af2cemv2_d_4608_2436_s_4_2-1-619x327.jpg 619w\" sizes=\"(max-width: 546px) 100vw, 546px\" \/><\/figure><\/div>\n\n\n\n<p>Nuova residenza e mostra a CasermArcheologica a Sansepolcro,\u00a0<em>El alma despu\u00e9s \/ l\u2019anima dopo<\/em>, personale dell\u2019artista argentino Oscar Dominguez, che sar\u00e0 inaugurata mercoled\u00ec 26 giugno alle ore 18.00 negli spazi di Palazzo Muglioni in Via Aggiunti. La mostra nasce a seguito di una residenza artistica che ha visto Oscar Dominguez lavorare a Sansepolcro dal 16 al 26 giugno, in dialogo con gli spazi e la storia del luogo.<\/p>\n\n\n\n<!--more-->\n\n\n\n<p>Durante questo periodo l\u2019artista realizzer\u00e0 una grande installazione inedita e allestir\u00e0 alcune sue opere nelle suggestive sale di Palazzo Muglioni. Nato a Tucum\u00e1n, in Argentina, e residente a Faenza, la ricerca di Oscar Dominguez unisce terra, fuoco, ferro, legno e terracotta a una visione poetica e radicale. Le sue opere emergono come forme organiche, spesso monumentali, che crescono in dialogo con i luoghi e ne trattengono le storie.<br><em>El alma despu\u00e9s<\/em>\u00a0\u00e8 il titolo che Dominguez ha scelto per questa tappa della sua ricerca a evocare ci\u00f2 che resta, ci\u00f2 che sopravvive, ci\u00f2 che silenziosamente pulsa sotto la superficie delle cose. L\u2019opera che nascer\u00e0 a Sansepolcro sar\u00e0 frutto di un\u2019immersione nel luogo e nella sua stratificazione, intrecciando elementi architettonici, storici e immaginari. CasermArcheologica si trova in un edificio rinascimentale che ha attraversato i secoli con molteplici funzioni: dimora nobiliare, sede dell\u2019Azienda Buitoni, scuola, Caserma dei Carabinieri. Gli spazi sono stati a lungo in disuso fino alla rinascita come centro culturale a partire dal 2013 grazie all\u2019Associazione CasermArcheologica. Il progetto, nato grazie all\u2019azione spontanea di studenti e insegnanti del Liceo &#8220;Citt\u00e0 di Piero&#8221;, si \u00e8 consolidato come esempio virtuoso di rigenerazione urbana e oggi accoglie mostre, laboratori, residenze e progetti educativi. Tra le figure storiche che abitano simbolicamente il palazzo c\u2019\u00e8 la nobildonna Minerva Muglioni, ultima erede della famiglia proprietaria nel palazzo che agli inizi del Novecento animava salotti culturali tra queste mura e che rappresenta oggi una memoria attiva e ispiratrice. Oscar Dominguez entra in questo contesto con la sua arte fatta di resistenza e metamorfosi. Scrive l\u2019artista: \u201cleggere lo spazio, sentire la storia, capire il vuoto, ascoltare le forme&#8230; Il mio atto creativo \u00e8 un atto di fede.\u201d Le sue installazioni non sono oggetti da contemplare, ma luoghi da abitare con i sensi, soglie tra visibile e invisibile. Il ferro, piegato e saldato con pazienza artigianale, diventa radice, seme, gesto resistente. La terracotta, fragile e vibrante, racconta la terra come corpo vivente. Il suo \u00e8 un linguaggio che si muove tra le genealogie del sud globale e la materia industriale dell\u2019occidente, tenendo insieme l\u2019ancestrale e il contemporaneo. L\u2019inaugurazione, il 26 giugno alle 18.00, sar\u00e0 accompagnata dall\u2019esecuzione musicale del duo Astra Arcana, formazione nata tra Umbria e Toscana a partire dal 2021. Astra Arcana, nella formazione a due musicisti, porter\u00e0 a CasermArcheologica un paesaggio sonoro evocativo e sospeso tra prog, post-rock, ambient ed elettronica. Il gruppo si \u00e8 esibito in numerosi festival dell\u2019Italia centrale, tra cui Umbria che Spacca (2022 e 2024), Sanremo Rock Festival (2023), Trasimeno Rock Festival (2023), Rock \u2018n\u2019 Piazza (2024).<br>All\u2019attivo hanno un EP (<em>Winds of Fall<\/em>, 2020), un singolo (<em>Green Mother<\/em>, 2022) e un album (<em>Tightrope<\/em>, 2024). Un nuovo lavoro \u00e8 attualmente in produzione. Il progetto\u00a0<em>El alma despu\u00e9s\/ L\u2019anima dopo<\/em>\u00a0fa parte di un pi\u00f9 ampio percorso di residenze e progettazione espositiva sostenuto dalla Fondazione Cassa di Risparmio di Firenze che anche quest\u2019anno ha scelto di affiancare CasermArcheologica, riconoscendone il valore culturale e generativo. Il sostegno della Fondazione permette la realizzazione di nuove mostre e residenze artistiche tra il 2025 e il 2026, rafforzando il ruolo di CasermArcheologica come laboratorio vivo di arte, comunit\u00e0 e territorio.<\/p>\n\n\n\n<p><strong>Informazioni mostra<\/strong> Titolo:\u00a0<em>El alma despu\u00e9s \/ L\u2019anima dopo<\/em><\/p>\n\n\n\n<p>Artista: Oscare Dominguez<br>Inaugurazione: mercoled\u00ec 26 giugno 2025, ore 18.00 Durata mostra: dal 26 giugno al 13 settembre 2025<br>Sede: CasermArcheologica, Via Aggiunti \u2013 Sansepolcro (AR)<br>Orari di apertura:<br>Luned\u00ec \u2013 Venerd\u00ec: 10.00 \u2013 18.00<br>Sabato e domenica: 15.00 \u2013 19.00:<\/p>\n","protected":false},"excerpt":{"rendered":"<p>Nuova residenza e mostra a CasermArcheologica a Sansepolcro,\u00a0El alma despu\u00e9s \/ l\u2019anima dopo, personale dell\u2019artista argentino Oscar Dominguez, che sar\u00e0 inaugurata mercoled\u00ec 26 giugno alle ore 18.00 negli spazi di Palazzo Muglioni in Via Aggiunti. La mostra nasce a seguito di una residenza artistica che ha visto Oscar Dominguez lavorare a Sansepolcro dal 16 al [&hellip;]<\/p>\n","protected":false},"author":1,"featured_media":0,"comment_status":"open","ping_status":"open","sticky":false,"template":"","format":"standard","meta":{"_joinchat":[]},"categories":[1],"tags":[],"_links":{"self":[{"href":"https:\/\/www.radioribelle.it\/index.php\/wp-json\/wp\/v2\/posts\/42214"}],"collection":[{"href":"https:\/\/www.radioribelle.it\/index.php\/wp-json\/wp\/v2\/posts"}],"about":[{"href":"https:\/\/www.radioribelle.it\/index.php\/wp-json\/wp\/v2\/types\/post"}],"author":[{"embeddable":true,"href":"https:\/\/www.radioribelle.it\/index.php\/wp-json\/wp\/v2\/users\/1"}],"replies":[{"embeddable":true,"href":"https:\/\/www.radioribelle.it\/index.php\/wp-json\/wp\/v2\/comments?post=42214"}],"version-history":[{"count":1,"href":"https:\/\/www.radioribelle.it\/index.php\/wp-json\/wp\/v2\/posts\/42214\/revisions"}],"predecessor-version":[{"id":42216,"href":"https:\/\/www.radioribelle.it\/index.php\/wp-json\/wp\/v2\/posts\/42214\/revisions\/42216"}],"wp:attachment":[{"href":"https:\/\/www.radioribelle.it\/index.php\/wp-json\/wp\/v2\/media?parent=42214"}],"wp:term":[{"taxonomy":"category","embeddable":true,"href":"https:\/\/www.radioribelle.it\/index.php\/wp-json\/wp\/v2\/categories?post=42214"},{"taxonomy":"post_tag","embeddable":true,"href":"https:\/\/www.radioribelle.it\/index.php\/wp-json\/wp\/v2\/tags?post=42214"}],"curies":[{"name":"wp","href":"https:\/\/api.w.org\/{rel}","templated":true}]}}