{"id":42589,"date":"2025-06-20T13:35:00","date_gmt":"2025-06-20T11:35:00","guid":{"rendered":"https:\/\/www.radioribelle.it\/?p=42589"},"modified":"2025-06-19T16:48:02","modified_gmt":"2025-06-19T14:48:02","slug":"cattivi-odori-molto-rumore-per-nulla","status":"publish","type":"post","link":"https:\/\/www.radioribelle.it\/index.php\/2025\/06\/20\/cattivi-odori-molto-rumore-per-nulla\/","title":{"rendered":"\u201cCattivi odori,\u00a0molto rumore per nulla?\u201d"},"content":{"rendered":"\n<div class=\"wp-block-image\"><figure class=\"alignright size-full\"><img loading=\"lazy\" width=\"299\" height=\"168\" src=\"https:\/\/www.radioribelle.it\/wp-content\/uploads\/2024\/02\/michele-menchetti.jpg\" alt=\"\" class=\"wp-image-23861\"\/><\/figure><\/div>\n\n\n\n<p>AREZZO &#8211; L\u2019amministrazione comunale ha passato la patata &#8211; a suo modo dire non pi\u00f9 bollente &#8211;\u00a0nelle mani di Asl,\u00a0Arpat e\u00a0Regione Toscana. Per Ghinelli il problema dei cattivi odori nella fascia di territorio tra Ponte a Chiani e il casello autostradale, con vari sconfinamenti verso San Zeno e aree adiacenti, pare non esistere. Riconducibile semmai ai capricci del meteo e alla bizzarria della rosa dei venti<\/p>\n\n\n\n<!--more-->\n\n\n\n<p>. In ogni caso, lo studio commissionato dalla giunta confermerebbe che gli odori diminuiscono via via che ci si allontana da tutta quella zona e che nell\u2019arco dell\u2019ultimo anno la problematica ha un andamento decrescente. C\u2019\u00e8 per\u00f2 un particolare che \u00e8 impossibile sottacere: la percentuale maggiore delle cause va ascritta all\u2019umido. Nonostante queste \u2018rassicurazioni\u2019, restano varie domande: se l\u2019analisi\u00a0ha ribadito che i fastidi maggiori per gli abitanti sono in estate e se allo stesso tempo i cittadini segnalano questa situazione da sempre, c\u2019era bisogno di spendere 100.000 euro per arrivare a conclusioni risapute? Perch\u00e9 non cercare di capire quale composto specifico viene conferito in questo periodo nell\u2019impianto di San Zeno e come viene trattato? Non basta qualche dato analitico quando le soluzioni restano a zero. I cittadini non possono certo dormire sonni tranquilli e dunque essere soddisfatti di una mera presa d\u2019atto peraltro a loro nota da tempo\u201d.<\/p>\n","protected":false},"excerpt":{"rendered":"<p>AREZZO &#8211; L\u2019amministrazione comunale ha passato la patata &#8211; a suo modo dire non pi\u00f9 bollente &#8211;\u00a0nelle mani di Asl,\u00a0Arpat e\u00a0Regione Toscana. Per Ghinelli il problema dei cattivi odori nella fascia di territorio tra Ponte a Chiani e il casello autostradale, con vari sconfinamenti verso San Zeno e aree adiacenti, pare non esistere. Riconducibile semmai [&hellip;]<\/p>\n","protected":false},"author":1,"featured_media":0,"comment_status":"open","ping_status":"open","sticky":false,"template":"","format":"standard","meta":{"_joinchat":[]},"categories":[1],"tags":[],"_links":{"self":[{"href":"https:\/\/www.radioribelle.it\/index.php\/wp-json\/wp\/v2\/posts\/42589"}],"collection":[{"href":"https:\/\/www.radioribelle.it\/index.php\/wp-json\/wp\/v2\/posts"}],"about":[{"href":"https:\/\/www.radioribelle.it\/index.php\/wp-json\/wp\/v2\/types\/post"}],"author":[{"embeddable":true,"href":"https:\/\/www.radioribelle.it\/index.php\/wp-json\/wp\/v2\/users\/1"}],"replies":[{"embeddable":true,"href":"https:\/\/www.radioribelle.it\/index.php\/wp-json\/wp\/v2\/comments?post=42589"}],"version-history":[{"count":1,"href":"https:\/\/www.radioribelle.it\/index.php\/wp-json\/wp\/v2\/posts\/42589\/revisions"}],"predecessor-version":[{"id":42590,"href":"https:\/\/www.radioribelle.it\/index.php\/wp-json\/wp\/v2\/posts\/42589\/revisions\/42590"}],"wp:attachment":[{"href":"https:\/\/www.radioribelle.it\/index.php\/wp-json\/wp\/v2\/media?parent=42589"}],"wp:term":[{"taxonomy":"category","embeddable":true,"href":"https:\/\/www.radioribelle.it\/index.php\/wp-json\/wp\/v2\/categories?post=42589"},{"taxonomy":"post_tag","embeddable":true,"href":"https:\/\/www.radioribelle.it\/index.php\/wp-json\/wp\/v2\/tags?post=42589"}],"curies":[{"name":"wp","href":"https:\/\/api.w.org\/{rel}","templated":true}]}}