{"id":42651,"date":"2025-06-20T12:32:10","date_gmt":"2025-06-20T10:32:10","guid":{"rendered":"https:\/\/www.radioribelle.it\/?p=42651"},"modified":"2025-06-20T12:32:11","modified_gmt":"2025-06-20T10:32:11","slug":"estate-a-marciano-della-chiana","status":"publish","type":"post","link":"https:\/\/www.radioribelle.it\/index.php\/2025\/06\/20\/estate-a-marciano-della-chiana\/","title":{"rendered":"ESTATE A MARCIANO DELLA CHIANA"},"content":{"rendered":"\n<div class=\"wp-block-image\"><figure class=\"aligncenter size-large is-resized\"><img loading=\"lazy\" src=\"https:\/\/www.radioribelle.it\/wp-content\/uploads\/2025\/06\/Foto-1-1024x578.jpg\" alt=\"\" class=\"wp-image-42652\" width=\"563\" height=\"318\" srcset=\"https:\/\/www.radioribelle.it\/wp-content\/uploads\/2025\/06\/Foto-1-1024x578.jpg 1024w, https:\/\/www.radioribelle.it\/wp-content\/uploads\/2025\/06\/Foto-1-300x169.jpg 300w, https:\/\/www.radioribelle.it\/wp-content\/uploads\/2025\/06\/Foto-1-768x433.jpg 768w, https:\/\/www.radioribelle.it\/wp-content\/uploads\/2025\/06\/Foto-1-1536x866.jpg 1536w, https:\/\/www.radioribelle.it\/wp-content\/uploads\/2025\/06\/Foto-1-2048x1155.jpg 2048w, https:\/\/www.radioribelle.it\/wp-content\/uploads\/2025\/06\/Foto-1-619x349.jpg 619w\" sizes=\"(max-width: 563px) 100vw, 563px\" \/><\/figure><\/div>\n\n\n\n<p>Marciano della Chiana (AR) \u2013 UN NUOVO FORMAT TRA CULTURA, TRADIZIONE E TURISMO. NASCE \u201cMARCIANO DELLA CHIANA EXPERIENCE\u201d <em>Un\u2019estate ricca di eventi per promuovere il territorio e costruire un sistema turistico condiviso e duraturo<\/em><\/p>\n\n\n\n<!--more-->\n\n\n\n<p>\u00c8 gi\u00e0 iniziata con entusiasmo e partecipazione l\u2019estate di Marciano della Chiana, che quest\u2019anno si presenta con un\u00a0format completamente rinnovato, pensato per unire tradizione e innovazione, cultura e promozione del territorio. Il primo appuntamento,\u00a0\u201cPiacere Marciano\u201d, ha inaugurato la stagione con una giornata di successo che ha segnato l\u2019inizio di una nuova fase. La manifestazione \u2013 che si \u00e8 gi\u00e0 distinta per partecipazione e apprezzamento \u2013 diventa da quest\u2019anno\u00a0un evento fisso a cadenza stagionale, dedicato alla valorizzazione delle eccellenze enogastronomiche e culturali locali. A seguire, il territorio ha ospitato anche\u00a0la Chianina Ciclostorica, manifestazione cicloturistica che ha richiamato partecipanti da tutta Italia e anche dall\u2019estero, offrendo loro l\u2019occasione di scoprire la bellezza paesaggistica e l\u2019accoglienza autentica di Marciano della Chiana. Una delle\u00a0grandi novit\u00e0 dell\u2019estate 2025\u00a0\u00e8 rappresentata dall\u2019attivazione di un calendario fisso di aperture della Torre di Marciano, autentico simbolo del borgo. In particolare, ogni\u00a0marted\u00ec sera, per tutto il periodo estivo a partire dal 24 Giugno 2025, sar\u00e0 prevista un\u2019apertura straordinaria serale, pensata per intercettare il flusso turistico che raggiunge il territorio in quella giornata della settimana, tradizionalmente molto frequentata. Grazie al prezioso contributo dell\u2019Associazione Culturale Scannagallo, i visitatori potranno partecipare a\u00a0visite guidate\u00a0che racconteranno la storia del castello e della torre, scoprendo i tesori custoditi all\u2019interno e vivendo l\u2019esperienza unica di\u00a0ammirare il tramonto sulla Valdichiana dalla sommit\u00e0 della torre, in uno dei panorami pi\u00f9 suggestivi della zona.<\/p>\n\n\n\n<p>Il calendario estivo 2025\u00a0si presenta dunque ricco e variegato, frutto della collaborazione tra il Comune e le numerose associazioni locali,\u00a0che con il loro impegno costante rappresentano un pilastro fondamentale per la riuscita degli eventi e per la promozione del territorio. <em>\u201cStiamo costruendo un progetto di promozione turistica strutturato e duraturo<\/em>\u00a0\u2013 dichiara il Sindaco\u00a0Marco De Palma\u00a0\u2013\u00a0<em>partendo dalla ricchezza delle nostre tradizioni e dal valore delle nostre comunit\u00e0. Questa estate rappresenta un primo segnale concreto: non solo eventi, ma una visione. Lanceremo ufficialmente il nuovo portale\u00a0\u201cMarciano della Chiana Experience\u201d, uno strumento digitale moderno, pensato per essere il punto di riferimento per turisti, cittadini e operatori locali\u201d.<\/em> Accanto al portale, l\u2019Amministrazione introdurr\u00e0\u00a0nuovi strumenti di promozione e comunicazione\u00a0pensati per raggiungere un pubblico sempre pi\u00f9 ampio e diversificato. In questa direzione, sar\u00e0 fondamentale\u00a0il rapporto continuo con gli operatori del settore, che verranno aggiornati costantemente su tutte le opportunit\u00e0 e gli appuntamenti previsti. <em>\u00c8 nostra intenzione aprire un dialogo costante con tutte le realt\u00e0 locali<\/em>\u00a0\u2013 aggiunge l\u2019Assessore al Turismo\u00a0Gionata Salvietti\u00a0\u2013\u00a0<em>per fare squadra e valorizzare al meglio le potenzialit\u00e0 di Marciano della Chiana. Vogliamo che ogni attivit\u00e0 commerciale, agricola, artigianale, ogni agriturismo e struttura ricettiva si senta parte attiva di questo percorso. Speriamo che questo nuovo approccio possa contribuire a far crescere il nome di Marciano, con una\u00a0ricaduta economica positiva per tutto il territorio\u201d.<\/em> <em>\u201cIl nostro impegno \u00e8 trasformare Marciano in un punto di riferimento del turismo rurale e culturale della Valdichiana<\/em>\u00a0\u2013 conclude il Sindaco De Palma \u2013\u00a0<em>e per farlo abbiamo bisogno del contributo e dell\u2019energia di tutta la comunit\u00e0. Un ringraziamento speciale va a tutte le associazioni, veri motori di partecipazione e protagonisti attivi della nostra estate\u201d.<\/em><\/p>\n\n\n\n<hr class=\"wp-block-separator\"\/>\n\n\n\n<p><strong>IL CALENDARIO ESTIVO 2025<\/strong><\/p>\n\n\n\n<ul><li><strong>Tutti i Marted\u00ec dal 24 Giugno<\/strong>&nbsp;\u2013&nbsp;<em>MartediMa\u2019<\/em>: Visite guidate alla Torre e attivit\u00e0 nel Castello con l\u2019Associazione Scannagallo. Apertura serale straordinaria per ammirare il tramonto sulla Valdichiana.<\/li><li><strong>11-12 Luglio<\/strong>&nbsp;\u2013&nbsp;<em>Bisteccata a Badicorte<\/em>: gusto, tradizione e convivialit\u00e0.<\/li><li><strong>25-26 Luglio<\/strong>&nbsp;\u2013&nbsp;<em>Suoni dalla Torre<\/em>: rassegna di Musica Antica all\u2019interno del Festival delle Musiche.<\/li><li><strong>8-20 Agosto<\/strong>&nbsp;\u2013&nbsp;<em>Sagra della Pizza<\/em>: sapori e comunit\u00e0.<\/li><li><strong>21-26 Agosto<\/strong>&nbsp;\u2013&nbsp;<em>Festa del Santissimo Crocifisso<\/em>&nbsp;a Marciano: spiritualit\u00e0 e tradizione popolare.<\/li><li><strong>28 Agosto &#8211; 2 Settembre<\/strong>&nbsp;\u2013&nbsp;<em>Festa a Cesa<\/em>: eventi, musica e gastronomia.<\/li><li><strong>28 Settembre<\/strong>&nbsp;\u2013&nbsp;<em>Piacere Marciano<\/em>&nbsp;(seconda edizione): turismo, cultura ed eccellenze local<\/li><\/ul>\n","protected":false},"excerpt":{"rendered":"<p>Marciano della Chiana (AR) \u2013 UN NUOVO FORMAT TRA CULTURA, TRADIZIONE E TURISMO. NASCE \u201cMARCIANO DELLA CHIANA EXPERIENCE\u201d Un\u2019estate ricca di eventi per promuovere il territorio e costruire un sistema turistico condiviso e duraturo<\/p>\n","protected":false},"author":1,"featured_media":0,"comment_status":"open","ping_status":"open","sticky":false,"template":"","format":"standard","meta":{"_joinchat":[]},"categories":[1],"tags":[],"_links":{"self":[{"href":"https:\/\/www.radioribelle.it\/index.php\/wp-json\/wp\/v2\/posts\/42651"}],"collection":[{"href":"https:\/\/www.radioribelle.it\/index.php\/wp-json\/wp\/v2\/posts"}],"about":[{"href":"https:\/\/www.radioribelle.it\/index.php\/wp-json\/wp\/v2\/types\/post"}],"author":[{"embeddable":true,"href":"https:\/\/www.radioribelle.it\/index.php\/wp-json\/wp\/v2\/users\/1"}],"replies":[{"embeddable":true,"href":"https:\/\/www.radioribelle.it\/index.php\/wp-json\/wp\/v2\/comments?post=42651"}],"version-history":[{"count":1,"href":"https:\/\/www.radioribelle.it\/index.php\/wp-json\/wp\/v2\/posts\/42651\/revisions"}],"predecessor-version":[{"id":42653,"href":"https:\/\/www.radioribelle.it\/index.php\/wp-json\/wp\/v2\/posts\/42651\/revisions\/42653"}],"wp:attachment":[{"href":"https:\/\/www.radioribelle.it\/index.php\/wp-json\/wp\/v2\/media?parent=42651"}],"wp:term":[{"taxonomy":"category","embeddable":true,"href":"https:\/\/www.radioribelle.it\/index.php\/wp-json\/wp\/v2\/categories?post=42651"},{"taxonomy":"post_tag","embeddable":true,"href":"https:\/\/www.radioribelle.it\/index.php\/wp-json\/wp\/v2\/tags?post=42651"}],"curies":[{"name":"wp","href":"https:\/\/api.w.org\/{rel}","templated":true}]}}