{"id":43179,"date":"2025-07-03T06:07:00","date_gmt":"2025-07-03T04:07:00","guid":{"rendered":"https:\/\/www.radioribelle.it\/?p=43179"},"modified":"2025-07-03T20:17:15","modified_gmt":"2025-07-03T18:17:15","slug":"citta-di-castello-ricorda-alexander-langer","status":"publish","type":"post","link":"https:\/\/www.radioribelle.it\/index.php\/2025\/07\/03\/citta-di-castello-ricorda-alexander-langer\/","title":{"rendered":"Citt\u00e0 di Castello, ricorda Alexander Langer\u00a0"},"content":{"rendered":"\n<div class=\"wp-block-image\"><figure class=\"alignleft size-full is-resized\"><img loading=\"lazy\" src=\"https:\/\/www.radioribelle.it\/wp-content\/uploads\/2025\/07\/alexander-langer.jpg\" alt=\"\" class=\"wp-image-43180\" width=\"280\" height=\"224\" srcset=\"https:\/\/www.radioribelle.it\/wp-content\/uploads\/2025\/07\/alexander-langer.jpg 708w, https:\/\/www.radioribelle.it\/wp-content\/uploads\/2025\/07\/alexander-langer-300x240.jpg 300w, https:\/\/www.radioribelle.it\/wp-content\/uploads\/2025\/07\/alexander-langer-619x495.jpg 619w\" sizes=\"(max-width: 280px) 100vw, 280px\" \/><\/figure><\/div>\n\n\n\n<p>Nel giorno del trentesimo anniversario dalla morte, anche Citt\u00e0 di Castello, ricorda Alexander Langer\u00a0 (1946-1995), &#8220;ambientalista, costruttore di pace\u201d\u00a0 a cui nel 2008 \u00e8 stato dedicato il parco all&#8217;ansa del tevere nell&#8217;ambito dell&#8217;annuale incontro \u201cFiera delle utopie concrete\u201d \u2013 Sindaco Luca Secondi: \u201ci suoi temi, le battaglie di allora sono pi\u00f9 attuali che mai\u201d<\/p>\n\n\n\n<!--more-->\n\n\n\n<p>Nel giorno del trentesimo anniversario dalla morte, anche Citt\u00e0 di Castello, ricorda\u00a0Alexander Langer\u00a0 (1946-1995), &#8220;ambientalista, costruttore di pace\u201d\u00a0 a cui nel 2008 \u00e8 stato dedicato il parco all&#8217;ansa del tevere nell&#8217;ambito dell&#8217;annuale incontro \u201cFiera delle utopie concrete\u201d, manifestazione di grande rilievo internazionale che ha permeato in maniera indelebile la storia della citt\u00e0 fra la fine degli anni \u201990 ed inizio del duemila. \u201cLa figura di Langer e quello che ci ha lasciato in eredit\u00e0, valori e progetti &#8211;\u00a0 ha dichiarato il sindaco\u00a0Luca Secondi\u00a0&#8211; \u00e8 pi\u00f9 che mai attuale, anche a distanza di trenta anni dalla sua morte. I temi, le battaglie per uno sviluppo sostenibile di citt\u00e0 a misura di persona li ritroviamo oggi prioritari nelle nostre agende istituzionali. Parlare trenta anni fa di riscaldamento globale, risparmio energetico, gestione intelligente dei rifiuti o riduzione del traffico urbano poteva sembrare un azzardo o una fantasia, ora l&#8217;importanza di queste tematiche \u00e8 riconosciuta da tutti. Il ricordo di Langer a Citt\u00e0 di Castello \u00e8 pi\u00f9 che mai vivo con un parco dedicato, fiore all\u2019occhiello della citt\u00e0, teatro futuro di grandi trasformazioni e miglioramento della qualit\u00e0 della vita e dell\u2019ambiente. Vogliamo ricordare per\u00f2 anche chi, assieme a lui, come il compianto Karl-Ludwig Schibel, (scomparso lo scorso aprile) coordinatore della Fiera delle Utopie Concrete, ha contribuito allo sviluppo della manifestazione, di un progetto e di una cultura eco-solidale che dovr\u00e0 sempre guidare il nostro agire quotidiano\u201d, ha concluso il sindaco\u00a0Luca Secondi, nel ricordare i sindaci, Giuseppe Pannacci e Adolfo Orsini, che dal 1988, anno di fondazione della Fiera delle Utopie Concrete hanno collaborato assieme a lui fino al 1995.<\/p>\n","protected":false},"excerpt":{"rendered":"<p>Nel giorno del trentesimo anniversario dalla morte, anche Citt\u00e0 di Castello, ricorda Alexander Langer\u00a0 (1946-1995), &#8220;ambientalista, costruttore di pace\u201d\u00a0 a cui nel 2008 \u00e8 stato dedicato il parco all&#8217;ansa del tevere nell&#8217;ambito dell&#8217;annuale incontro \u201cFiera delle utopie concrete\u201d \u2013 Sindaco Luca Secondi: \u201ci suoi temi, le battaglie di allora sono pi\u00f9 attuali che mai\u201d<\/p>\n","protected":false},"author":1,"featured_media":0,"comment_status":"open","ping_status":"open","sticky":false,"template":"","format":"standard","meta":{"_joinchat":[]},"categories":[1],"tags":[],"_links":{"self":[{"href":"https:\/\/www.radioribelle.it\/index.php\/wp-json\/wp\/v2\/posts\/43179"}],"collection":[{"href":"https:\/\/www.radioribelle.it\/index.php\/wp-json\/wp\/v2\/posts"}],"about":[{"href":"https:\/\/www.radioribelle.it\/index.php\/wp-json\/wp\/v2\/types\/post"}],"author":[{"embeddable":true,"href":"https:\/\/www.radioribelle.it\/index.php\/wp-json\/wp\/v2\/users\/1"}],"replies":[{"embeddable":true,"href":"https:\/\/www.radioribelle.it\/index.php\/wp-json\/wp\/v2\/comments?post=43179"}],"version-history":[{"count":1,"href":"https:\/\/www.radioribelle.it\/index.php\/wp-json\/wp\/v2\/posts\/43179\/revisions"}],"predecessor-version":[{"id":43181,"href":"https:\/\/www.radioribelle.it\/index.php\/wp-json\/wp\/v2\/posts\/43179\/revisions\/43181"}],"wp:attachment":[{"href":"https:\/\/www.radioribelle.it\/index.php\/wp-json\/wp\/v2\/media?parent=43179"}],"wp:term":[{"taxonomy":"category","embeddable":true,"href":"https:\/\/www.radioribelle.it\/index.php\/wp-json\/wp\/v2\/categories?post=43179"},{"taxonomy":"post_tag","embeddable":true,"href":"https:\/\/www.radioribelle.it\/index.php\/wp-json\/wp\/v2\/tags?post=43179"}],"curies":[{"name":"wp","href":"https:\/\/api.w.org\/{rel}","templated":true}]}}