{"id":43597,"date":"2025-07-15T13:31:00","date_gmt":"2025-07-15T11:31:00","guid":{"rendered":"https:\/\/www.radioribelle.it\/?p=43597"},"modified":"2025-07-15T11:34:25","modified_gmt":"2025-07-15T09:34:25","slug":"finali-champions-dart-3-regioni","status":"publish","type":"post","link":"https:\/\/www.radioribelle.it\/index.php\/2025\/07\/15\/finali-champions-dart-3-regioni\/","title":{"rendered":"\u201cFinali Champions Dart 3 Regioni\u201d"},"content":{"rendered":"\n<div class=\"wp-block-image\"><figure class=\"alignright size-full\"><img loading=\"lazy\" width=\"384\" height=\"216\" src=\"https:\/\/www.radioribelle.it\/wp-content\/uploads\/2025\/07\/finale.jpg\" alt=\"\" class=\"wp-image-43598\" srcset=\"https:\/\/www.radioribelle.it\/wp-content\/uploads\/2025\/07\/finale.jpg 384w, https:\/\/www.radioribelle.it\/wp-content\/uploads\/2025\/07\/finale-300x169.jpg 300w\" sizes=\"(max-width: 384px) 100vw, 384px\" \/><\/figure><\/div>\n\n\n\n<p>AREZZO &#8211;  Modifiche alla sosta in via della Palestra In occasione delle \u201cFinali Champions Dart 3 regioni\u201d, in programma dal 16 al 21 luglio al Palazzetto dello Sport \u201cGiorgio Cerbai, in via della Palestra \u00e8 adottata la seguente disciplina della sosta: <\/p>\n\n\n\n<!--more-->\n\n\n\n<p>dalle ore 08:00 di mercoled\u00ec 16 alle ore 24:00 di luned\u00ec 21 luglio \u00e8 istituito il divieto di sosta con rimozione dei veicoli, compresi quelli muniti di speciali autorizzazioni in deroga ai divieti, ad eccezione di quelli utilizzati dagli organizzatori dell&#8217;evento sportivo, nei 5 stalli di sosta ubicati a sinistra rispetto a quello riservato ai veicoli al servizio di persone con disabilit\u00e0 presente nella parte laterale sinistra rispetto all&#8217;ingresso del palazzetto. Dalle ore 13:00 di venerd\u00ec 18 alle ore 20:00 di domenica 20, \u00e8 istituito il divieto di sosta con rimozione dei veicoli, compresi quelli muniti di speciali autorizzazioni in deroga ai divieti, ad eccezione dei mezzi utilizzati per allestire una food court dedicata al ristoro degli atleti, nei 5 stalli di sosta posti sul fronte opposto rispetto all&#8217;ingresso dell\u2019impianto, ubicati alla sinistra rispetto a quello riservato a disabili.<\/p>\n","protected":false},"excerpt":{"rendered":"<p>AREZZO &#8211; Modifiche alla sosta in via della Palestra In occasione delle \u201cFinali Champions Dart 3 regioni\u201d, in programma dal 16 al 21 luglio al Palazzetto dello Sport \u201cGiorgio Cerbai, in via della Palestra \u00e8 adottata la seguente disciplina della sosta:<\/p>\n","protected":false},"author":1,"featured_media":0,"comment_status":"open","ping_status":"open","sticky":false,"template":"","format":"standard","meta":{"_joinchat":[]},"categories":[1],"tags":[],"_links":{"self":[{"href":"https:\/\/www.radioribelle.it\/index.php\/wp-json\/wp\/v2\/posts\/43597"}],"collection":[{"href":"https:\/\/www.radioribelle.it\/index.php\/wp-json\/wp\/v2\/posts"}],"about":[{"href":"https:\/\/www.radioribelle.it\/index.php\/wp-json\/wp\/v2\/types\/post"}],"author":[{"embeddable":true,"href":"https:\/\/www.radioribelle.it\/index.php\/wp-json\/wp\/v2\/users\/1"}],"replies":[{"embeddable":true,"href":"https:\/\/www.radioribelle.it\/index.php\/wp-json\/wp\/v2\/comments?post=43597"}],"version-history":[{"count":1,"href":"https:\/\/www.radioribelle.it\/index.php\/wp-json\/wp\/v2\/posts\/43597\/revisions"}],"predecessor-version":[{"id":43599,"href":"https:\/\/www.radioribelle.it\/index.php\/wp-json\/wp\/v2\/posts\/43597\/revisions\/43599"}],"wp:attachment":[{"href":"https:\/\/www.radioribelle.it\/index.php\/wp-json\/wp\/v2\/media?parent=43597"}],"wp:term":[{"taxonomy":"category","embeddable":true,"href":"https:\/\/www.radioribelle.it\/index.php\/wp-json\/wp\/v2\/categories?post=43597"},{"taxonomy":"post_tag","embeddable":true,"href":"https:\/\/www.radioribelle.it\/index.php\/wp-json\/wp\/v2\/tags?post=43597"}],"curies":[{"name":"wp","href":"https:\/\/api.w.org\/{rel}","templated":true}]}}