{"id":43737,"date":"2025-08-02T06:51:00","date_gmt":"2025-08-02T04:51:00","guid":{"rendered":"https:\/\/www.radioribelle.it\/?p=43737"},"modified":"2025-07-17T13:53:42","modified_gmt":"2025-07-17T11:53:42","slug":"2-agosto-strage-alla-stazione-di-bologna","status":"publish","type":"post","link":"https:\/\/www.radioribelle.it\/index.php\/2025\/08\/02\/2-agosto-strage-alla-stazione-di-bologna\/","title":{"rendered":"2 agosto. Strage alla stazione di Bologna"},"content":{"rendered":"\n<div class=\"wp-block-image\"><figure class=\"alignleft size-full is-resized\"><img loading=\"lazy\" src=\"https:\/\/www.radioribelle.it\/wp-content\/uploads\/2025\/07\/2-agosto.jpeg\" alt=\"\" class=\"wp-image-43738\" width=\"256\" height=\"144\" srcset=\"https:\/\/www.radioribelle.it\/wp-content\/uploads\/2025\/07\/2-agosto.jpeg 1024w, https:\/\/www.radioribelle.it\/wp-content\/uploads\/2025\/07\/2-agosto-300x169.jpeg 300w, https:\/\/www.radioribelle.it\/wp-content\/uploads\/2025\/07\/2-agosto-768x432.jpeg 768w, https:\/\/www.radioribelle.it\/wp-content\/uploads\/2025\/07\/2-agosto-619x348.jpeg 619w\" sizes=\"(max-width: 256px) 100vw, 256px\" \/><\/figure><\/div>\n\n\n\n<p>Alle 10.25 di sabato 2 agosto 1980, un ordigno ad altissimo potenziale esplose nella sala d&#8217;aspetto di seconda classe della stazione ferroviaria di Bologna. L&#8217;esplosione provoc\u00f2 il crollo della struttura sovrastante le sale d&#8217;aspetto e di trenta metri della pensilina. Invest\u00ec anche due vetture di un treno in sosta al primo binario<\/p>\n\n\n\n<!--more-->\n\n\n\n<p>\u00abL&#8217;immagine della stazione ferroviaria con l&#8217;orologio fermo al minuto della tremenda esplosione &#8211; ha proseguito Mattarella &#8211; \u00e8 divenuta simbolo della disumanit\u00e0 del terrorismo, dell&#8217;attacco sferrato al cuore della democrazia italiana e della risposta, ferma e solidale, che la societ\u00e0 e lo Stato seppero dare agli eversori assassini. La strage di Bologna &#8211; ha continuato il Capo dello Stato &#8211; era iscritta in una strategia che mirava a destabilizzare le istituzioni e la sua matrice \u00e8 stata accertata dalle conclusioni giudiziarie. Permangono ancora domande senza risposta e la memoria \u00e8 anche sostegno a non dimettere gli sforzi per andare avanti e raggiungere quella piena verit\u00e0, che \u00e8 premessa di giustizia. L&#8217;Associazione dei familiari delle vittime ha dispiegato in questi anni un impegno assiduo e coinvolgente che, di recente, ha portato all&#8217;introduzione del reato di depistaggio, ulteriore strumento a disposizione della magistratura.<\/p>\n","protected":false},"excerpt":{"rendered":"<p>Alle 10.25 di sabato 2 agosto 1980, un ordigno ad altissimo potenziale esplose nella sala d&#8217;aspetto di seconda classe della stazione ferroviaria di Bologna. L&#8217;esplosione provoc\u00f2 il crollo della struttura sovrastante le sale d&#8217;aspetto e di trenta metri della pensilina. Invest\u00ec anche due vetture di un treno in sosta al primo binario<\/p>\n","protected":false},"author":1,"featured_media":0,"comment_status":"open","ping_status":"open","sticky":false,"template":"","format":"standard","meta":{"_joinchat":[]},"categories":[1],"tags":[],"_links":{"self":[{"href":"https:\/\/www.radioribelle.it\/index.php\/wp-json\/wp\/v2\/posts\/43737"}],"collection":[{"href":"https:\/\/www.radioribelle.it\/index.php\/wp-json\/wp\/v2\/posts"}],"about":[{"href":"https:\/\/www.radioribelle.it\/index.php\/wp-json\/wp\/v2\/types\/post"}],"author":[{"embeddable":true,"href":"https:\/\/www.radioribelle.it\/index.php\/wp-json\/wp\/v2\/users\/1"}],"replies":[{"embeddable":true,"href":"https:\/\/www.radioribelle.it\/index.php\/wp-json\/wp\/v2\/comments?post=43737"}],"version-history":[{"count":1,"href":"https:\/\/www.radioribelle.it\/index.php\/wp-json\/wp\/v2\/posts\/43737\/revisions"}],"predecessor-version":[{"id":43739,"href":"https:\/\/www.radioribelle.it\/index.php\/wp-json\/wp\/v2\/posts\/43737\/revisions\/43739"}],"wp:attachment":[{"href":"https:\/\/www.radioribelle.it\/index.php\/wp-json\/wp\/v2\/media?parent=43737"}],"wp:term":[{"taxonomy":"category","embeddable":true,"href":"https:\/\/www.radioribelle.it\/index.php\/wp-json\/wp\/v2\/categories?post=43737"},{"taxonomy":"post_tag","embeddable":true,"href":"https:\/\/www.radioribelle.it\/index.php\/wp-json\/wp\/v2\/tags?post=43737"}],"curies":[{"name":"wp","href":"https:\/\/api.w.org\/{rel}","templated":true}]}}