{"id":43915,"date":"2025-07-23T17:39:00","date_gmt":"2025-07-23T15:39:00","guid":{"rendered":"https:\/\/www.radioribelle.it\/?p=43915"},"modified":"2025-07-22T13:40:52","modified_gmt":"2025-07-22T11:40:52","slug":"citta-cardioprotetta-dal-centro-alla-periferia-2","status":"publish","type":"post","link":"https:\/\/www.radioribelle.it\/index.php\/2025\/07\/23\/citta-cardioprotetta-dal-centro-alla-periferia-2\/","title":{"rendered":"Citt\u00e0 \u201ccardioprotetta\u201d dal centro alla periferia"},"content":{"rendered":"\n<div class=\"wp-block-image\"><figure class=\"alignleft size-full is-resized\"><img loading=\"lazy\" src=\"https:\/\/www.radioribelle.it\/wp-content\/uploads\/2025\/07\/4837EC3E-DEB8-407F-BCB6-694C0C59E95A.jpeg\" alt=\"\" class=\"wp-image-43916\" width=\"293\" height=\"207\" srcset=\"https:\/\/www.radioribelle.it\/wp-content\/uploads\/2025\/07\/4837EC3E-DEB8-407F-BCB6-694C0C59E95A.jpeg 968w, https:\/\/www.radioribelle.it\/wp-content\/uploads\/2025\/07\/4837EC3E-DEB8-407F-BCB6-694C0C59E95A-300x212.jpeg 300w, https:\/\/www.radioribelle.it\/wp-content\/uploads\/2025\/07\/4837EC3E-DEB8-407F-BCB6-694C0C59E95A-768x543.jpeg 768w, https:\/\/www.radioribelle.it\/wp-content\/uploads\/2025\/07\/4837EC3E-DEB8-407F-BCB6-694C0C59E95A-619x437.jpeg 619w\" sizes=\"(max-width: 293px) 100vw, 293px\" \/><\/figure><\/div>\n\n\n\n<p> collocato presso la sede\u00a0\u00a0dell\u2019Associazione dei quartieri \u201cQuelli del\u00e0 del Ponte\u201d un defibrillatore grazie alla disponibilit\u00e0 di \u201cFarmacie Tifernati srl\u201d la societ\u00e0 partecipata che investe ogni anno sulla prevenzione per tutelare e promuovere la vita<\/p>\n\n\n\n<!--more-->\n\n\n\n<p>Citt\u00e0 \u201ccardioprotetta\u201d dal centro alla periferia: collocato presso la sede\u00a0\u00a0dell\u2019Associazione dei quartieri \u201cQuelli del\u00e0 del Ponte\u201d un defibrillatore grazie alla disponibilit\u00e0 di \u201cFarmacie Tifernati srl\u201d la societ\u00e0 partecipata che investe ogni anno sulla prevenzione per tutelare e promuovere la vita. Con la recente donazione, la cui cerimonia di consegna si \u00e8\u2019 svolta lo scorso fine settimana,\u00a0\u00a0si allarga ulteriormente la rete della cardioprotezione a Citt\u00e0 di Castello, territorio, che pu\u00f2 contare ora su\u00a0oltre 60 punti complessivi di pronto intervento.\u00a0Alla associazione e\u2019 stato donato\u00a0\u00a0un defibrillatore semiautomatico. Per una comunit\u00e0, avere uno strumento cos\u00ec importante\u00a0\u00a0significa dare alla vita una possibilit\u00e0 in pi\u00f9. \u00a0Alla cerimonia di consegna\u00a0sono intervenuti, \u00a0il sindaco,\u00a0Luca Secondi, l&#8217;amministratore unico di Farmacie Tifernati,\u00a0Valchiria D\u00f2, il direttore,\u00a0Luca Mancini\u00a0assieme ad una rappresentanza della associazione dei quartieri con il presidente,\u00a0Marsilio Sinatti\u00a0\u00a0ed il rappresentante\u00a0\u00a0del direttivo del sodalizio,\u00a0Luciano Barbetti. E\u2019 il 29esimo\u00a0\u00a0dispositivo acquistato negli ultimi anni dalla societ\u00e0 partecipata del comune per istituti scolastici, societ\u00e0 sportive, societ\u00e0 rionali, pro loco e associazioni. Ed ora questo luogo pubblico grazie alla donazione \u00e8 divenuto a tutti gli effetti un presidio a tutela della vita. Con la donazione si allarga ulteriormente la rete complessiva della cardioprotezione a Citt\u00e0 di Castello, che conta su oltre 60 punti di pronto intervento. \u201cFarmacie Tifernati \u2013 ha dichiarato l&#8217;amministratore unico Valchiria D\u00f2 &#8211; \u00e8 felice ed orgogliosa di proseguire su questa strada, mettendo in atto la missione delle farmacie comunali: investire i propri utili in servizi a vantaggio della cittadinanza.\u00a0 Oggi si conferma la capacit\u00e0 di dare un sostegno concreto alla tutela della salute pubblica, abbinando la professionalit\u00e0 e la qualit\u00e0 dei servizi assicurati nelle tre sedi comunali a un\u2019attenzione costante alle esigenze dei cittadini; ha concluso D\u00f2. \u201cDonare un defibrillatore significa dare alla vita una possibilit\u00e0 in pi\u00f9: per questo attraverso Farmacie Tifernati ogni anno l\u2019amministrazione comunale continua ad investire sulla prevenzione in tutto il territorio, per tutelare e promuovere la ricchezza pi\u00f9 grande che abbiamo, la salute delle persone\u201d, ha dichiarato il sindaco Luca Secondi, nel ringraziare \u00a0l\u2019amministratore unico di Farmacie Tifernati,\u00a0Valchiria D\u00f2\u00a0e il direttore generale\u00a0Luca Mancini\u00a0e tutto lo staff della societ\u00e0. Con la donazione di oggi dunque si allarga ulteriormente la rete della cardioprotezione di Citt\u00e0 di Castello, che conta su\u00a0oltre 60 punti di pronto intervento.<\/p>\n","protected":false},"excerpt":{"rendered":"<p>collocato presso la sede\u00a0\u00a0dell\u2019Associazione dei quartieri \u201cQuelli del\u00e0 del Ponte\u201d un defibrillatore grazie alla disponibilit\u00e0 di \u201cFarmacie Tifernati srl\u201d la societ\u00e0 partecipata che investe ogni anno sulla prevenzione per tutelare e promuovere la vita<\/p>\n","protected":false},"author":1,"featured_media":0,"comment_status":"open","ping_status":"open","sticky":false,"template":"","format":"standard","meta":{"_joinchat":[]},"categories":[1],"tags":[],"_links":{"self":[{"href":"https:\/\/www.radioribelle.it\/index.php\/wp-json\/wp\/v2\/posts\/43915"}],"collection":[{"href":"https:\/\/www.radioribelle.it\/index.php\/wp-json\/wp\/v2\/posts"}],"about":[{"href":"https:\/\/www.radioribelle.it\/index.php\/wp-json\/wp\/v2\/types\/post"}],"author":[{"embeddable":true,"href":"https:\/\/www.radioribelle.it\/index.php\/wp-json\/wp\/v2\/users\/1"}],"replies":[{"embeddable":true,"href":"https:\/\/www.radioribelle.it\/index.php\/wp-json\/wp\/v2\/comments?post=43915"}],"version-history":[{"count":1,"href":"https:\/\/www.radioribelle.it\/index.php\/wp-json\/wp\/v2\/posts\/43915\/revisions"}],"predecessor-version":[{"id":43917,"href":"https:\/\/www.radioribelle.it\/index.php\/wp-json\/wp\/v2\/posts\/43915\/revisions\/43917"}],"wp:attachment":[{"href":"https:\/\/www.radioribelle.it\/index.php\/wp-json\/wp\/v2\/media?parent=43915"}],"wp:term":[{"taxonomy":"category","embeddable":true,"href":"https:\/\/www.radioribelle.it\/index.php\/wp-json\/wp\/v2\/categories?post=43915"},{"taxonomy":"post_tag","embeddable":true,"href":"https:\/\/www.radioribelle.it\/index.php\/wp-json\/wp\/v2\/tags?post=43915"}],"curies":[{"name":"wp","href":"https:\/\/api.w.org\/{rel}","templated":true}]}}