{"id":44459,"date":"2025-08-07T18:26:00","date_gmt":"2025-08-07T16:26:00","guid":{"rendered":"https:\/\/www.radioribelle.it\/?p=44459"},"modified":"2025-08-05T14:39:24","modified_gmt":"2025-08-05T12:39:24","slug":"la-ragazzina-de-la-dolce-vita","status":"publish","type":"post","link":"https:\/\/www.radioribelle.it\/index.php\/2025\/08\/07\/la-ragazzina-de-la-dolce-vita\/","title":{"rendered":"La \u201cragazzina\u201d de \u201cLa dolce vita\u201d"},"content":{"rendered":"\n<div class=\"wp-block-image\"><figure class=\"alignleft size-large is-resized\"><img loading=\"lazy\" src=\"https:\/\/www.radioribelle.it\/wp-content\/uploads\/2025\/08\/Ciangottini-Secondi-Verini-3-1024x683.jpg\" alt=\"\" class=\"wp-image-44464\" width=\"378\" height=\"252\" srcset=\"https:\/\/www.radioribelle.it\/wp-content\/uploads\/2025\/08\/Ciangottini-Secondi-Verini-3-1024x683.jpg 1024w, https:\/\/www.radioribelle.it\/wp-content\/uploads\/2025\/08\/Ciangottini-Secondi-Verini-3-300x200.jpg 300w, https:\/\/www.radioribelle.it\/wp-content\/uploads\/2025\/08\/Ciangottini-Secondi-Verini-3-768x512.jpg 768w, https:\/\/www.radioribelle.it\/wp-content\/uploads\/2025\/08\/Ciangottini-Secondi-Verini-3-1536x1024.jpg 1536w, https:\/\/www.radioribelle.it\/wp-content\/uploads\/2025\/08\/Ciangottini-Secondi-Verini-3-2048x1365.jpg 2048w, https:\/\/www.radioribelle.it\/wp-content\/uploads\/2025\/08\/Ciangottini-Secondi-Verini-3-619x413.jpg 619w\" sizes=\"(max-width: 378px) 100vw, 378px\" \/><\/figure><\/div>\n\n\n\n<p>Il tributo di Citt\u00e0 di Castello a Valeria Ciangottini, artista e attrice di tv, cinema e teatro, nel giorno del suo 80esimo compleanno: \u201cIl pi\u00f9 bel compleanno della mia vita con una sorpresa che mi ha commosso e reso ancora pi\u00f9 orgogliosa di appartenere a questa straordinaria citt\u00e0 e alla sua bella gente\u201d.<\/p>\n\n\n\n<!--more-->\n\n\n\n<p>La ragazzina de \u201cLa dolce vita\u201d . Il tributo di Citt\u00e0 di Castello a\u00a0Valeria Ciangottini, artista e attrice di tv, cinema e teatro, nel giorno del suo 80esimo compleanno. \u201cL\u2019amministrazione comunale con gratitudine a Valeria Ciangottini, icona intramontabile del cinema e del teatro che col suo grande talento artistico ha contribuito alla crescita culturale di Citt\u00e0 di Castello\u201d. Sono le parole impresse sulla targa ufficiale con il logo del comune che il sindaco,\u00a0Luca Secondi, ha consegnato questa mattina nella sala consiliare alla poliedrica attrice nel giorno speciale del compleanno, a nome della comunit\u00e0 tifernate, in segno di gratitudine e riconoscenza per la straordinaria carriera spesso legata alla citt\u00e0 che da anni ha scelto come terra di origine. \u201cLa citt\u00e0 di Alberto Burri, Carlo e Nino Fuscagni, Monica Bellucci, Valentina Lodovini, Salvatore Sciarrino, Vincenzo Mollica \u00a0ed altri importanti rappresentanti dello spettacolo e dell\u2019arte \u00e8 onorata di celebrare oggi un\u2019altra stella del firmamento cinematografico e teatrale come Valeria Ciangottini, che ha contribuito a diffondere fra i giovani in particolare, la passione per il cinema e il teatro con grandi risultati\u201d, ha concluso il sindaco Secondi al termine della partecipata e sentita cerimonia prima della consegna della targa ufficiale e di un pregiato manufatto artigianale realizzato per l\u2019occasione dalle maestre-tessitrici della Cooperativa \u201cTela Umbra\u201d eredi della tradizione secolare tramandata dai baroni Franchetti. Visibilmente commossa e felice da tanto affetto e calore, dimostrato anche dalla presenza nella sala consiliare gremita come nelle grandi occasioni, Valeria Ciangottini, (affascinante con il suo aspetto incredibilmente giovanile e mai ritoccato che continua a rubare stagioni al tempo come raramente accade), ha manifestato tutta la sua gioia per la bellissima sorpresa. \u201cE\u2019 il compleanno con il regalo pi\u00f9 bello della mia vita. Il riconoscimento del comune attraverso il sindaco, i tanti amici presenti oggi mi hanno commosso e fatto sentire orgogliosa di appartenere a questa bellissima citt\u00e0 e comunit\u00e0\u201d, ha dichiarato l\u2019attrice nel ringraziare i tanti giovani aspiranti attori di cinema e teatro che l\u2019hanno seguita ed onorata della loro presenza nella scuola di teatro che diversi anno fa fond\u00f2 proprio a Citt\u00e0 di Castello\u201d. Di giornata straordinaria ha parlato il senatore\u00a0Walter Verini, che ha definito il traguardo di vita e di brillantissima carriera di Valeria Ciangottini il \u201ctraguardo di tutti noi che oggi ci stringiamo a lei con orgoglio in un abbraccio collettivo di gratitudine e ammirazione\u201d. Mamma tifernate e padre umbertidese, Valeria Ciangottini nasce a Roma e appena quattordicenne\u00a0 diviene il volto\u00a0 iconico\u00a0 dell\u2019 ideale adolescenziale felliniano ne \u201dLa dolce vita\u201d, simbolo di grazia e purezza,un ruolo che la caratterizzer\u00e0 per sempre. Dopo quella folgorazione mondiale\u00a0\u00a0 interpreta molti\u00a0 ruoli di primo piano, da un film della serie\u00a0 Don Camillo a pellicole di grandi registi quali Bolognini e Zurlini, ma anche alcune francesi, diretta tra gli altri da Roger Vadim anche in virt\u00f9 della sua formazione all\u2019Actor\u2019s Studio, Di assoluto rilievo la sua partecipazione a mitici sceneggiati Tv quali \u201cI Giacobini\u201d(regia di Edmo Fenoglio con\u00a0 l\u2019enfant du\u00a0 pays Nino Fuscagni) e \u201cAnna Karenina\u201d (con Sergio Fantoni diretta da Sandro Bolchi) e\u00a0 a pi\u00e8ces di prosa registrate\u00a0 appositamente per la RAI come Innumerevoli le interpretazioni\u00a0 teatrali di grande successo passando con nonchalance dalla commedia al dramma, dai classici a testi contemporanei al fianco di mostri sacri del palcoscenico come Renzo Ricci, Paolo Stoppa, Ernesto Calindri, Giuseppe Pambieri,\u00a0 Gianrico Tedeschi, Paolo Bonacelli, Carlo Simoni in tourn\u00e9es che hanno toccato anche il teatro degli Illuminati del capoluogo altotberino. Pur avendo liberamente scelto da qualche anno\u00a0 di apparire ormai\u00a0 solo in camei di prestigio o in qualche \u201cpartecipazione straordinaria\u201d nel 2016 mette il suo raffinato talento e il suo inossidabile glamour al servizio di un\u2019opera commovente a fianco dell\u2019altrettanto magnetico Vittorio Viviani in \u201cCronaca di una passione\u201d\u00a0,un film toccante, dedicato a tutti quegli imprenditori che non hanno retto all\u2019attuale dramma economico italiano:la memorabile interpretazione\u00a0le vale la nomination al Globo d\u2019Oro come migliore attrice nonch\u00e9 il premio al Festival di Teheran. Dagli anni \u201880 si divide tra la casa\u00a0 capitolina e quella\u00a0 nel pieno della campagna altotiberina, a Bivio-Canoscio. Una scelta precisa quella di vivere gran parte dell\u2019anno nella terra d\u2019origine condivisa con il consorte, il compianto Fabrizio Ricci, gi\u00e0 vicedirettore del \u201cMessaggero\u201d uomo di grande fascino e cultura , col quale ha formato una coppia\u00a0 dall\u2019 affiatamento esemplare. A Citt\u00e0 di Castello Valeria fonda e dirige l\u2019Associazione \u201cOttobre\u201d che per oltre un decennio realizza, per tre bienni sotto la guida di\u00a0Enzo Aronica, un autorevole laboratorio teatrale di notevolissima valenza formativa, sia perch\u00e9 da l\u00ec sono uscite star come\u00a0Valentina Lodovini\u00a0e ottimi attori e docenti come l\u2019indimenticato\u00a0Claudio Bellanti,\u00a0Giordano Petri,\u00a0Mauro Silvestrini,\u00a0Daniele Biagini,\u00a0Massimo Boncompagni,\u00a0Elena Galvani,\u00a0Valentina Martinelli, ma anche per il forte significato sociale e aggregativo dell\u2019attivit\u00e0 a fianco della quale ogni estate veniva organizzato una Rassegna\u00a0 Nazionale delle Accademie e Scuole di teatro che ha portato nel tifernate le migliori compagnie del genere dell\u2019intero paese promuovendo il nome di Citt\u00e0 di Castello ad alto livello. Nel corso della presentazione, condotta dal giornalista,\u00a0Massimo Zangarelli, fra i promotori dell\u2019iniziativa,\u00a0\u00e8 stato mandato in onda a \u201csorpresa\u201d (un vero e proprio regalo di compleanno) un video realizzato dalla regista\u00a0Elena Giogli\u00a0con la collaborazione di\u00a0Cristian Doti\u00a0e\u00a0Francesca Lombezzi, che racchiude i momenti pi\u00f9 significativi della sfavillante carriera della \u201cdivina\u201d Valeria. Ulteriore sorpresa finale gli auguri attraverso un video dell\u2019attrice,\u00a0Valentina Lodovini, sua \u201callieva\u201d, recente protagonista di \u201cUnicorni\u201d, film di apertura del Giffoni Festival 2025: \u201cbuon compleanno Valeria\u201d.<\/p>\n","protected":false},"excerpt":{"rendered":"<p>Il tributo di Citt\u00e0 di Castello a Valeria Ciangottini, artista e attrice di tv, cinema e teatro, nel giorno del suo 80esimo compleanno: \u201cIl pi\u00f9 bel compleanno della mia vita con una sorpresa che mi ha commosso e reso ancora pi\u00f9 orgogliosa di appartenere a questa straordinaria citt\u00e0 e alla sua bella gente\u201d.<\/p>\n","protected":false},"author":1,"featured_media":0,"comment_status":"open","ping_status":"open","sticky":false,"template":"","format":"standard","meta":{"_joinchat":[]},"categories":[1],"tags":[],"_links":{"self":[{"href":"https:\/\/www.radioribelle.it\/index.php\/wp-json\/wp\/v2\/posts\/44459"}],"collection":[{"href":"https:\/\/www.radioribelle.it\/index.php\/wp-json\/wp\/v2\/posts"}],"about":[{"href":"https:\/\/www.radioribelle.it\/index.php\/wp-json\/wp\/v2\/types\/post"}],"author":[{"embeddable":true,"href":"https:\/\/www.radioribelle.it\/index.php\/wp-json\/wp\/v2\/users\/1"}],"replies":[{"embeddable":true,"href":"https:\/\/www.radioribelle.it\/index.php\/wp-json\/wp\/v2\/comments?post=44459"}],"version-history":[{"count":1,"href":"https:\/\/www.radioribelle.it\/index.php\/wp-json\/wp\/v2\/posts\/44459\/revisions"}],"predecessor-version":[{"id":44465,"href":"https:\/\/www.radioribelle.it\/index.php\/wp-json\/wp\/v2\/posts\/44459\/revisions\/44465"}],"wp:attachment":[{"href":"https:\/\/www.radioribelle.it\/index.php\/wp-json\/wp\/v2\/media?parent=44459"}],"wp:term":[{"taxonomy":"category","embeddable":true,"href":"https:\/\/www.radioribelle.it\/index.php\/wp-json\/wp\/v2\/categories?post=44459"},{"taxonomy":"post_tag","embeddable":true,"href":"https:\/\/www.radioribelle.it\/index.php\/wp-json\/wp\/v2\/tags?post=44459"}],"curies":[{"name":"wp","href":"https:\/\/api.w.org\/{rel}","templated":true}]}}