{"id":44839,"date":"2025-08-21T18:08:00","date_gmt":"2025-08-21T16:08:00","guid":{"rendered":"https:\/\/www.radioribelle.it\/?p=44839"},"modified":"2025-08-23T15:54:22","modified_gmt":"2025-08-23T13:54:22","slug":"rocche-e-ville-allopera-2","status":"publish","type":"post","link":"https:\/\/www.radioribelle.it\/index.php\/2025\/08\/21\/rocche-e-ville-allopera-2\/","title":{"rendered":"ROCCHE E VILLE\u2026 all\u2019OPERA"},"content":{"rendered":"\n<div class=\"wp-block-image\"><figure class=\"alignleft size-full\"><img loading=\"lazy\" width=\"200\" height=\"150\" src=\"https:\/\/www.radioribelle.it\/wp-content\/uploads\/2025\/08\/musica-piano.jpg\" alt=\"\" class=\"wp-image-44840\"\/><\/figure><\/div>\n\n\n\n<p>Dopo la pausa ferragostana da 26 agosto riprender\u00e0 la programmazione della rassegna\u00a0ROCCHE E VILLE\u2026 all\u2019OPERA, che sta riscuotendo un grande interesse di critica e pubblico. La manifestazione, organizzata dall\u2019Associazione Culturale \u201cTracciati Virtuali\u201d\u00a0di Citt\u00e0 di Castello, \u00e8 sotto la direzione artistica del Prof.\u00a0Ivano Rondoni, docente di clarinetto presso il Conservatorio Statale di Musica di Piacenza, e vede la partecipazione di otto comuni della Provincia di Perugia:\u00a0Citt\u00e0 di Castello, Corciano, Gualdo Tadino, Lisciano Niccone, Monte S.M. Tiberina, Montone, Passignano S.T. e San Giustino. <\/p>\n\n\n\n<!--more-->\n\n\n\n<p>Realizzata con il sostegno dei fondi per il\u00a0<em>\u201cBando Sostegno Spettacoli dal Vivo anno 2024\u201d \u201cPR FESR 2021-2027. Az.1.3.4. \u2013 Sostegno alle imprese culturali turistiche, di servizi per il turismo, cinematografiche, audiovisive, culturali e creative e sociali\u201d<\/em>, si articoler\u00e0 in due periodi: la prima parte fra agosto e settembre 2025, la seconda nella primavera del 2026, momento di risveglio turistico per la nostra regione.Si sono gi\u00e0 svolti 6 concerti, tra Montone, Passignano sul Trasimeno, Monte Santa Maria Tiberina, Corciano e San Giustino: in tutto saranno 16 i concerti che coinvolgeranno gli otto comuni. L\u2019Opera \u00e8 il tema che fa da filo conduttore a tutti gli eventi previsti in\u00a0ROCCHE E VILLE\u2026 all\u2019OPERA. Il perch\u00e9 si \u00e8 scelto di dare risalto all\u2019Opera in questa prima edizione, risiede nel fatto che essa \u00e8 la forma di spettacolo pi\u00f9 completa, catalizzatrice di pi\u00f9 elementi artistici: l\u2019azione teatrale, portata avanti attraverso la musica e il canto, si basa su un libretto in versi o in prosa; un\u2019orchestra accompagna i cantanti che sul palcoscenico recitano come attori; accanto ai protagonisti agisce un coro; le scenografie e i costumi aiutano a collocare la storia in un tempo, in un luogo e in uno spazio.\u00a0L\u2019unione di tutti questi elementi (canto, musica, poesia, recitazione, pittura, danza) fa dell\u2019Opera un contenitore completo, ricco, affascinante, seppur di complessa realizzazione.Da qui \u00e8 nato il desiderio di diffondere questo straordinario patrimonio tutto italiano, declinandolo per\u00f2 con diverse modalit\u00e0, per metterlo cos\u00ec a disposizione dei borghi pi\u00f9 belli della nostra Regione che, per le loro limitate dimensioni, passano a volte in secondo piano rimanendo culturalmente ai margini dei consueti circuiti di promozione e produzione artistico-musicale.<\/p>\n\n\n\n<p>La rassegna\u00a0ROCCHE E VILLE\u2026 all\u2019OPERA\u00a0vuole essere alternativa, prevedendo quindi diverse tipologie di spettacoli musicali dal vivo, tutti affidati a musicisti professionisti, solisti, gruppi musicali e orchestre di consolidato livello artistico e provenienti da mondi e linguaggi musicali diversi che, con opportuni e originali arrangiamenti, all\u2019interno di programmi musicali ben studiati, si alterneranno sui palcoscenici naturali di queste bellissime e uniche cittadine umbre proponendo, in una intelligente rilettura artistica, pillole delle pi\u00f9 belle pagine operistiche.La musica operistica, la musica sinfonica, la musica strumentale da camera, la musica pop-rock, la musica popolare-klezmer-jazz, sono tutti i generi che si riuniscono sotto un unico leitmotiv, quello operistico, con lo scopo di creare un circuito musicale di efficaci e uniche produzioni a misura delle pi\u00f9 belle location dei nostri piccoli preziosissimi centri, scrigni di arte e architettura storica, dando vita a spettacoli unici e indimenticabili.<\/p>\n","protected":false},"excerpt":{"rendered":"<p>Dopo la pausa ferragostana da 26 agosto riprender\u00e0 la programmazione della rassegna\u00a0ROCCHE E VILLE\u2026 all\u2019OPERA, che sta riscuotendo un grande interesse di critica e pubblico. La manifestazione, organizzata dall\u2019Associazione Culturale \u201cTracciati Virtuali\u201d\u00a0di Citt\u00e0 di Castello, \u00e8 sotto la direzione artistica del Prof.\u00a0Ivano Rondoni, docente di clarinetto presso il Conservatorio Statale di Musica di Piacenza, e [&hellip;]<\/p>\n","protected":false},"author":1,"featured_media":0,"comment_status":"open","ping_status":"open","sticky":false,"template":"","format":"standard","meta":{"_joinchat":[]},"categories":[1],"tags":[],"_links":{"self":[{"href":"https:\/\/www.radioribelle.it\/index.php\/wp-json\/wp\/v2\/posts\/44839"}],"collection":[{"href":"https:\/\/www.radioribelle.it\/index.php\/wp-json\/wp\/v2\/posts"}],"about":[{"href":"https:\/\/www.radioribelle.it\/index.php\/wp-json\/wp\/v2\/types\/post"}],"author":[{"embeddable":true,"href":"https:\/\/www.radioribelle.it\/index.php\/wp-json\/wp\/v2\/users\/1"}],"replies":[{"embeddable":true,"href":"https:\/\/www.radioribelle.it\/index.php\/wp-json\/wp\/v2\/comments?post=44839"}],"version-history":[{"count":1,"href":"https:\/\/www.radioribelle.it\/index.php\/wp-json\/wp\/v2\/posts\/44839\/revisions"}],"predecessor-version":[{"id":44841,"href":"https:\/\/www.radioribelle.it\/index.php\/wp-json\/wp\/v2\/posts\/44839\/revisions\/44841"}],"wp:attachment":[{"href":"https:\/\/www.radioribelle.it\/index.php\/wp-json\/wp\/v2\/media?parent=44839"}],"wp:term":[{"taxonomy":"category","embeddable":true,"href":"https:\/\/www.radioribelle.it\/index.php\/wp-json\/wp\/v2\/categories?post=44839"},{"taxonomy":"post_tag","embeddable":true,"href":"https:\/\/www.radioribelle.it\/index.php\/wp-json\/wp\/v2\/tags?post=44839"}],"curies":[{"name":"wp","href":"https:\/\/api.w.org\/{rel}","templated":true}]}}