{"id":44881,"date":"2025-08-19T18:18:00","date_gmt":"2025-08-19T16:18:00","guid":{"rendered":"https:\/\/www.radioribelle.it\/?p=44881"},"modified":"2025-08-19T11:51:27","modified_gmt":"2025-08-19T09:51:27","slug":"secondo-concerto-di-jazz-and-wine-giovedi-21-agosto-con-gianni-cinelli-5tet","status":"publish","type":"post","link":"https:\/\/www.radioribelle.it\/index.php\/2025\/08\/19\/secondo-concerto-di-jazz-and-wine-giovedi-21-agosto-con-gianni-cinelli-5tet\/","title":{"rendered":"Secondo concerto di Jazz and Wine: gioved\u00ec 21 agosto con Gianni Cinelli 5tet"},"content":{"rendered":"\n<div class=\"wp-block-image\"><figure class=\"alignright size-full\"><img loading=\"lazy\" width=\"400\" height=\"400\" src=\"https:\/\/www.radioribelle.it\/wp-content\/uploads\/2025\/08\/ALBERTO-MOMMI.jpg\" alt=\"\" class=\"wp-image-44882\" srcset=\"https:\/\/www.radioribelle.it\/wp-content\/uploads\/2025\/08\/ALBERTO-MOMMI.jpg 400w, https:\/\/www.radioribelle.it\/wp-content\/uploads\/2025\/08\/ALBERTO-MOMMI-300x300.jpg 300w, https:\/\/www.radioribelle.it\/wp-content\/uploads\/2025\/08\/ALBERTO-MOMMI-150x150.jpg 150w\" sizes=\"(max-width: 400px) 100vw, 400px\" \/><\/figure><\/div>\n\n\n\n<p><em>Arezzo \u2013 <\/em>Dopo il successo del primo appuntamento, <a>gioved\u00ec 21 agosto alle 21.15<\/a> torna <em>Jazz and Wine<\/em>, la rassegna musicale ideata dalla Fondazione Ivan Bruschi con la direzione artistica dell\u2019Associazione Jazz On The Corner di Francesco Giustini. Per il secondo concerto ad accompagnare l\u2019esibizione dei musicisti \u00e8 prevista la degustazione di vini del territorio a cura dell\u2019AIS Toscana delegazione di Arezzo, Associazione Strada del Vino Terre di Arezzo ed Enoteca Caff\u00e8 Michelangelo.<\/p>\n\n\n\n<!--more-->\n\n\n\n<p><\/p>\n\n\n\n<p>Il concerto, sempre sulle terrazze della Casa Museo, avr\u00e0protagonista il quintetto del pianista aretino Gianni Cinelli proponendo un repertorio con radici nella tradizione, in quel songbook americano che ha reso grande il jazz. I brani rivisitati e arrangiati in chiave originale, daranno grande spazio all\u2019interplay. A fianco del pianista si esibiranno Massimiliano Conticini al contrabbasso, Andrea Croci alla batteria e Andrea Donnini alla tromba. A impreziosire il tutto la presenza di un solista di livello nazionale: il sassofonista perugino Alberto Mommi, che render\u00e0 ancora pi\u00f9 interessante la serata. Negli appuntamenti che seguiranno, 11 e 18 settembre, spazio verr\u00e0 riservato anche per l\u2019hard pop e per le sonorit\u00e0 latine.<\/p>\n\n\n\n<p><em>Jazz and Wine<\/em> \u00e8 un evento realizzato ed organizzato anche grazie alla collaborazione con Arezzo Music Fest, Fondazione Guido d\u2019Arezzo, Officine della Cultura e Antico forno la Pieve.<\/p>\n\n\n\n<p><em>&#8211; 11 settembre<\/em> <em>ANNE CZICHOWSKY 4tet<\/em><\/p>\n\n\n\n<p>Anne Czichowsky: voce<\/p>\n\n\n\n<p>Niko Seibold: sassofono alto<\/p>\n\n\n\n<p>Christoph Neuhaus: chitarra<\/p>\n\n\n\n<p>Roberto Koch: contrabbasso<\/p>\n\n\n\n<p><em>18 settembre<\/em> <em>ARGO<\/em><\/p>\n\n\n\n<p>Francesco Giustini: tromba e flicorno<\/p>\n\n\n\n<p>Fabio Roveri: chitarra classica<\/p>\n\n\n\n<p>Santiago Fernandez: pianoforte<\/p>\n","protected":false},"excerpt":{"rendered":"<p>Arezzo \u2013 Dopo il successo del primo appuntamento, gioved\u00ec 21 agosto alle 21.15 torna Jazz and Wine, la rassegna musicale ideata dalla Fondazione Ivan Bruschi con la direzione artistica dell\u2019Associazione Jazz On The Corner di Francesco Giustini. Per il secondo concerto ad accompagnare l\u2019esibizione dei musicisti \u00e8 prevista la degustazione di vini del territorio a [&hellip;]<\/p>\n","protected":false},"author":1,"featured_media":0,"comment_status":"open","ping_status":"open","sticky":false,"template":"","format":"standard","meta":{"_joinchat":[]},"categories":[1],"tags":[],"_links":{"self":[{"href":"https:\/\/www.radioribelle.it\/index.php\/wp-json\/wp\/v2\/posts\/44881"}],"collection":[{"href":"https:\/\/www.radioribelle.it\/index.php\/wp-json\/wp\/v2\/posts"}],"about":[{"href":"https:\/\/www.radioribelle.it\/index.php\/wp-json\/wp\/v2\/types\/post"}],"author":[{"embeddable":true,"href":"https:\/\/www.radioribelle.it\/index.php\/wp-json\/wp\/v2\/users\/1"}],"replies":[{"embeddable":true,"href":"https:\/\/www.radioribelle.it\/index.php\/wp-json\/wp\/v2\/comments?post=44881"}],"version-history":[{"count":1,"href":"https:\/\/www.radioribelle.it\/index.php\/wp-json\/wp\/v2\/posts\/44881\/revisions"}],"predecessor-version":[{"id":44883,"href":"https:\/\/www.radioribelle.it\/index.php\/wp-json\/wp\/v2\/posts\/44881\/revisions\/44883"}],"wp:attachment":[{"href":"https:\/\/www.radioribelle.it\/index.php\/wp-json\/wp\/v2\/media?parent=44881"}],"wp:term":[{"taxonomy":"category","embeddable":true,"href":"https:\/\/www.radioribelle.it\/index.php\/wp-json\/wp\/v2\/categories?post=44881"},{"taxonomy":"post_tag","embeddable":true,"href":"https:\/\/www.radioribelle.it\/index.php\/wp-json\/wp\/v2\/tags?post=44881"}],"curies":[{"name":"wp","href":"https:\/\/api.w.org\/{rel}","templated":true}]}}