{"id":44922,"date":"2025-08-21T10:37:00","date_gmt":"2025-08-21T08:37:00","guid":{"rendered":"https:\/\/www.radioribelle.it\/?p=44922"},"modified":"2025-08-20T13:09:40","modified_gmt":"2025-08-20T11:09:40","slug":"cammino-di-san-francesco-su-bus-da-citta-di-castello-umbertide-e-gubbio-verso-assisi","status":"publish","type":"post","link":"https:\/\/www.radioribelle.it\/index.php\/2025\/08\/21\/cammino-di-san-francesco-su-bus-da-citta-di-castello-umbertide-e-gubbio-verso-assisi\/","title":{"rendered":"Cammino di San Francesco su \u201cbus\u201d da Citt\u00e0 di Castello, Umbertide e Gubbio verso Assisi"},"content":{"rendered":"\n<div class=\"wp-block-image\"><figure class=\"aligncenter size-full\"><img loading=\"lazy\" width=\"615\" height=\"300\" src=\"https:\/\/www.radioribelle.it\/wp-content\/uploads\/2025\/08\/bus-assisi.jpg\" alt=\"\" class=\"wp-image-44923\" srcset=\"https:\/\/www.radioribelle.it\/wp-content\/uploads\/2025\/08\/bus-assisi.jpg 615w, https:\/\/www.radioribelle.it\/wp-content\/uploads\/2025\/08\/bus-assisi-300x146.jpg 300w\" sizes=\"(max-width: 615px) 100vw, 615px\" \/><\/figure><\/div>\n\n\n\n<p class=\"has-text-align-left\">Accoglienza Giubileo e trasporti potenziati. Il collegamento sul cammino di San Francesco su \u201cbus\u201d da Citt\u00e0 di Castello, Umbertide e Gubbio verso Assisi sta registrando ottimi consensi fra gli utenti \u2013 Assessore ai trasporti, Rodolfo Braccalenti: \u201cun test importante che ci spinge ad auspicare un prolungamento del servizio anche alla prossima stagione autunno-inverno\u201d<\/p>\n\n\n\n<!--more-->\n\n\n\n<p>Accoglienza Giubileo e trasporti potenziati. La Regione Umbria ad inizio estate ha attivato nuove linee di trasporto su gomma dal nome \u201cNuovi servizi per la mobilit\u00e0 del Giubileo in Umbria\u201d. Questo progetto, che ha preso il via lo scorso 15 giugno,\u00a0 attivo fino al 15 settembre, coinvolge diverse citt\u00e0 umbre e tra queste anche Citt\u00e0 di Castello. \u00c8 stato infatti creato un nuovo collegamento sul cammino di San Francesco che collega Citt\u00e0 di Castello, Umbertide e Gubbio con 4 coppie di corse giornaliere con i seguenti orari:\u00a0partenza da Citt\u00e0 di Castello\u00a0(Piazza Garibaldi) alle ore 8:00 \/ 12:30 \/ 14:00 \/ 18:00 con transito e fermata a Umbertide (Via Garibaldi) e arrivi a Gubbio (P.40 martiri) alle ore 9:25 \/ 14:00 \/ 15:25 \/ 19:25.\u00a0Partenza da Gubbio\u00a0(P.40 Martiri) alle ore 7:43 \/ 12:00 \/ 14:00 \/ 18:00 con transito e fermata a Umbertide (Via Garibaldi) e arrivi a CDC (Piazza Garibaldi) ore 8:55 \/ 13:09 \/ 15:09 \/ 19:09. Il costo dei biglietti da e per Gubbio \u00e8 pari a\u00a0 6,30 euro in prevendita nelle biglietterie autorizzate e di 7,50 euro con acquisto a bordo. Questo nuovo servizio ha registrato sempre maggiore interesse da parte di numerosi turisti che da tempo lamentavano la mancanza di un efficace e continuo collegamento da e verso Gubbio. Anche gli abitanti delle localit\u00e0 attraversate da queste linee nei tre comuni interessati, lo hanno apprezzato ed iniziato ad utilizzare come un nuovo e utile servizio a disposizione. Se queste nuove linee avranno un sodisfacente risultato in termini di utenza a fine estate si potr\u00e0 sperare che la Regione le possa continuare a finanziarle anche per il periodo invernale. \u201cRingraziamo l\u2019Assessore Regionale dei trasporti Francesco De Rebotti, e la Consigliera Letizia Michelini Presidente della seconda commissione Regionale, per aver attivato questo servizio sperimentale di collegamento del nostro Comune con Gubbio e Assisi \u2013 precisa l\u2019assessore alla mobilit\u00e0 e trasporti,\u00a0Rodolfo Braccalenti\u00a0&#8211; che sembra riscuotere interesse, sperando che possa avere continuit\u00e0 andando nella direzione di un territorio (l\u2019Altotevere) pi\u00f9 connesso, accessibile e attrattivo. Questo nuovo anello di collegamento rappresenta un obbiettivo importante e un segnale forte per il turismo, con la possibilit\u00e0 di veder realizzare finalmente un sistema territoriale integrato che valorizzi al massimo i nostri patrimoni culturali, storici e artistici per una crescita turistica ma anche come servizio aggiuntivo per la collettivit\u00e0.\u201d<\/p>\n","protected":false},"excerpt":{"rendered":"<p>Accoglienza Giubileo e trasporti potenziati. Il collegamento sul cammino di San Francesco su \u201cbus\u201d da Citt\u00e0 di Castello, Umbertide e Gubbio verso Assisi sta registrando ottimi consensi fra gli utenti \u2013 Assessore ai trasporti, Rodolfo Braccalenti: \u201cun test importante che ci spinge ad auspicare un prolungamento del servizio anche alla prossima stagione autunno-inverno\u201d<\/p>\n","protected":false},"author":1,"featured_media":0,"comment_status":"open","ping_status":"open","sticky":false,"template":"","format":"standard","meta":{"_joinchat":[]},"categories":[1],"tags":[],"_links":{"self":[{"href":"https:\/\/www.radioribelle.it\/index.php\/wp-json\/wp\/v2\/posts\/44922"}],"collection":[{"href":"https:\/\/www.radioribelle.it\/index.php\/wp-json\/wp\/v2\/posts"}],"about":[{"href":"https:\/\/www.radioribelle.it\/index.php\/wp-json\/wp\/v2\/types\/post"}],"author":[{"embeddable":true,"href":"https:\/\/www.radioribelle.it\/index.php\/wp-json\/wp\/v2\/users\/1"}],"replies":[{"embeddable":true,"href":"https:\/\/www.radioribelle.it\/index.php\/wp-json\/wp\/v2\/comments?post=44922"}],"version-history":[{"count":1,"href":"https:\/\/www.radioribelle.it\/index.php\/wp-json\/wp\/v2\/posts\/44922\/revisions"}],"predecessor-version":[{"id":44924,"href":"https:\/\/www.radioribelle.it\/index.php\/wp-json\/wp\/v2\/posts\/44922\/revisions\/44924"}],"wp:attachment":[{"href":"https:\/\/www.radioribelle.it\/index.php\/wp-json\/wp\/v2\/media?parent=44922"}],"wp:term":[{"taxonomy":"category","embeddable":true,"href":"https:\/\/www.radioribelle.it\/index.php\/wp-json\/wp\/v2\/categories?post=44922"},{"taxonomy":"post_tag","embeddable":true,"href":"https:\/\/www.radioribelle.it\/index.php\/wp-json\/wp\/v2\/tags?post=44922"}],"curies":[{"name":"wp","href":"https:\/\/api.w.org\/{rel}","templated":true}]}}