{"id":45276,"date":"2025-08-30T11:28:00","date_gmt":"2025-08-30T09:28:00","guid":{"rendered":"https:\/\/www.radioribelle.it\/?p=45276"},"modified":"2025-08-29T17:00:02","modified_gmt":"2025-08-29T15:00:02","slug":"primo-caso-autoctono-di-west-nile-virus-nel-territorio-della-asl-toscana-sud-est","status":"publish","type":"post","link":"https:\/\/www.radioribelle.it\/index.php\/2025\/08\/30\/primo-caso-autoctono-di-west-nile-virus-nel-territorio-della-asl-toscana-sud-est\/","title":{"rendered":"Primo caso autoctono di West Nile Virus nel territorio della Asl Toscana sud est"},"content":{"rendered":"\n<div class=\"wp-block-image\"><figure class=\"alignleft size-full is-resized\"><img loading=\"lazy\" src=\"https:\/\/www.radioribelle.it\/wp-content\/uploads\/2025\/08\/west-nile.jpg\" alt=\"\" class=\"wp-image-45277\" width=\"196\" height=\"128\" srcset=\"https:\/\/www.radioribelle.it\/wp-content\/uploads\/2025\/08\/west-nile.jpg 480w, https:\/\/www.radioribelle.it\/wp-content\/uploads\/2025\/08\/west-nile-300x196.jpg 300w\" sizes=\"(max-width: 196px) 100vw, 196px\" \/><\/figure><\/div>\n\n\n\n<p><em>Una persona residente nel comune di Cortona \u00e8 risultata positiva ed \u00e8 in buone condizioni di salute. Rafforzate le attivit\u00e0 di controllo e prevenzione<\/em><br>\u00c8 stato confermato il primo caso autoctono di infezione da West Nile Virus nel territorio della Asl Toscana sud est, che rappresenta anche il primo in Toscana. Si tratta di una persona residente nel comune di Cortona che ha manifestato febbre, malessere ed eruzione cutanea circa dieci giorni fa. Non ha mai necessitato di ricovero e attualmente si trova in buone condizioni di salute. <\/p>\n\n\n\n<!--more-->\n\n\n\n<p>Non avendo effettuato viaggi o spostamenti durante il periodo di incubazione, il caso \u00e8 stato classificato come autoctono, ovvero contratto localmente.<br>Il Medico di Medicina Generale ha ipotizzato la diagnosi, che ha segnalato il caso alla struttura UF Igiene Pubblica e della Nutrizione, poi confermata dalla UOC Malattie Infettive dell\u2019Ospedale San Donato di Arezzo, in collaborazione con il laboratorio di sierologia e l\u2019Azienda Ospedaliera Universitaria Senese.\u00a0<br><strong>Che cos\u2019\u00e8 il West Nile Virus<\/strong>Il West Nile Virus \u00e8 un\u2019infezione trasmessa principalmente dalle punture di zanzare del genere Culex, che si infettano nutrendosi su uccelli selvatici, serbatoio naturale del virus. La malattia non si trasmette da persona a persona e l\u2019uomo, cos\u00ec come i cavalli e altri mammiferi, rappresenta un ospite finale che non contribuisce alla diffusione del virus.Nella maggior parte dei casi l\u2019infezione \u00e8 asintomatica. Circa il 20% delle persone pu\u00f2 sviluppare sintomi lievi come febbre, mal di testa, nausea o sfoghi cutanei. Solo in una piccolissima percentuale (meno dell\u20191%) si manifestano forme pi\u00f9 gravi, soprattutto negli anziani o nei soggetti fragili.<br><strong>Le misure di prevenzione<\/strong>A seguito della conferma del caso, la Asl Toscana sud est ha disposto un rafforzamento delle attivit\u00e0 di controllo delle zanzare attraverso interventi di eliminazione dei focolai larvali e trattamenti larvicidi nelle aree non rimovibili, come tombini o fognature. Non sono invece previsti interventi straordinari con trattamenti adulticidi, in quanto non necessari nei casi isolati e in aree rurali o poco urbanizzate.<br>La collaborazione dei cittadini \u00e8 fondamentale. Si raccomanda di:<\/p>\n\n\n\n<ul><li>Eliminare o svuotare regolarmente sottovasi, secchi, bidoni e contenitori che possono raccogliere acqua piovana.<\/li><li>Coprire con coperchi o zanzariere serbatoi e cisterne.<\/li><li>Cambiare spesso l\u2019acqua delle ciotole degli animali e delle vasche ornamentali.<\/li><li>Tenere pulite grondaie e tombini, evitando ristagni.<\/li><li>Utilizzare prodotti larvicidi nei ristagni non eliminabili.<\/li><li>Curare giardini e aree verdi, rimuovendo sfalci e vegetazione in eccesso.<\/li><li>Proteggersi con zanzariere alle finestre e, se necessario, con repellenti cutanei.<\/li><\/ul>\n\n\n\n<p>Parallelamente, saranno intensificate anche le attivit\u00e0 di sorveglianza veterinaria sui cavalli e quelle di monitoraggio dell\u2019avifauna selvatica, al fine di seguire l\u2019andamento della circolazione virale nel territorio. La partecipazione attiva dei cittadini \u00e8 fondamentale, per questo la Asl Toscana sud est raccomanda semplici azioni quotidiane per ridurre i focolai di zanzare e salvaguardare la salute collettiva.<br>&#8212;<\/p>\n","protected":false},"excerpt":{"rendered":"<p>Una persona residente nel comune di Cortona \u00e8 risultata positiva ed \u00e8 in buone condizioni di salute. Rafforzate le attivit\u00e0 di controllo e prevenzione\u00c8 stato confermato il primo caso autoctono di infezione da West Nile Virus nel territorio della Asl Toscana sud est, che rappresenta anche il primo in Toscana. Si tratta di una persona [&hellip;]<\/p>\n","protected":false},"author":1,"featured_media":0,"comment_status":"open","ping_status":"open","sticky":false,"template":"","format":"standard","meta":{"_joinchat":[]},"categories":[1],"tags":[],"_links":{"self":[{"href":"https:\/\/www.radioribelle.it\/index.php\/wp-json\/wp\/v2\/posts\/45276"}],"collection":[{"href":"https:\/\/www.radioribelle.it\/index.php\/wp-json\/wp\/v2\/posts"}],"about":[{"href":"https:\/\/www.radioribelle.it\/index.php\/wp-json\/wp\/v2\/types\/post"}],"author":[{"embeddable":true,"href":"https:\/\/www.radioribelle.it\/index.php\/wp-json\/wp\/v2\/users\/1"}],"replies":[{"embeddable":true,"href":"https:\/\/www.radioribelle.it\/index.php\/wp-json\/wp\/v2\/comments?post=45276"}],"version-history":[{"count":1,"href":"https:\/\/www.radioribelle.it\/index.php\/wp-json\/wp\/v2\/posts\/45276\/revisions"}],"predecessor-version":[{"id":45278,"href":"https:\/\/www.radioribelle.it\/index.php\/wp-json\/wp\/v2\/posts\/45276\/revisions\/45278"}],"wp:attachment":[{"href":"https:\/\/www.radioribelle.it\/index.php\/wp-json\/wp\/v2\/media?parent=45276"}],"wp:term":[{"taxonomy":"category","embeddable":true,"href":"https:\/\/www.radioribelle.it\/index.php\/wp-json\/wp\/v2\/categories?post=45276"},{"taxonomy":"post_tag","embeddable":true,"href":"https:\/\/www.radioribelle.it\/index.php\/wp-json\/wp\/v2\/tags?post=45276"}],"curies":[{"name":"wp","href":"https:\/\/api.w.org\/{rel}","templated":true}]}}