{"id":45308,"date":"2025-08-31T11:31:00","date_gmt":"2025-08-31T09:31:00","guid":{"rendered":"https:\/\/www.radioribelle.it\/?p=45308"},"modified":"2025-08-30T22:19:00","modified_gmt":"2025-08-30T20:19:00","slug":"lavvocato-di-bibbiena-manuela-ferri-candidata-al-consiglio-regionale-per-fratelli-ditalia","status":"publish","type":"post","link":"https:\/\/www.radioribelle.it\/index.php\/2025\/08\/31\/lavvocato-di-bibbiena-manuela-ferri-candidata-al-consiglio-regionale-per-fratelli-ditalia\/","title":{"rendered":"L&#8217;avvocato di Bibbiena Manuela Ferri candidata al Consiglio regionale per Fratelli d\u2019Italia"},"content":{"rendered":"\n<div class=\"wp-block-image\"><figure class=\"alignleft size-full\"><img loading=\"lazy\" width=\"225\" height=\"225\" src=\"https:\/\/www.radioribelle.it\/wp-content\/uploads\/2025\/03\/fratelli-ditalia.png\" alt=\"\" class=\"wp-image-38400\" srcset=\"https:\/\/www.radioribelle.it\/wp-content\/uploads\/2025\/03\/fratelli-ditalia.png 225w, https:\/\/www.radioribelle.it\/wp-content\/uploads\/2025\/03\/fratelli-ditalia-150x150.png 150w\" sizes=\"(max-width: 225px) 100vw, 225px\" \/><\/figure><\/div>\n\n\n\n<p>Si completa la squadra di Fratelli d\u2019Italia per la provincia di Arezzo in vista delle elezioni regionali toscane: l\u2019avvocato Manuela Ferri \u00e8 stata designata candidata al Consiglio regionale accanto agli altri nomi scelti dal partito per rappresentare il territorio<\/p>\n\n\n\n<!--more-->\n\n\n\n<p>\u201cLa candidatura di Manuela Ferri \u2013 dichiara la senatrice Simona Petrucci, commissario provinciale di Fratelli d\u2019Italia \u2013 arricchisce la nostra squadra con una figura di altissimo profilo umano e professionale. Avvocato stimato, gi\u00e0 componente del Consiglio dell\u2019Ordine degli Avvocati di Arezzo, primo presidente della Camera Civile della citt\u00e0, Ferri ha saputo unire alla competenza giuridica un forte impegno sociale, con l\u2019esperienza nella Commissione Pari Opportunit\u00e0 del Comune di Bibbiena e la presidenza dell\u2019Associazione \u201cCome Noi Agaph\u201d, a sostegno dei portatori di handicap. La sua passione civile e la sua vicinanza al territorio rappresentano un valore aggiunto fondamentale per Fratelli d\u2019Italia. Sono certa che sapr\u00e0 affrontare con entusiasmo i grandi appuntamenti elettorali che ci attendono e le auguro buon lavoro in questa sfida decisiva\u201d.<\/p>\n\n\n\n<p>\u201cRingrazio di cuore Fratelli d\u2019Italia, il coordinamento regionale e la senatrice Petrucci per la fiducia \u2013 afferma l\u2019avvocato Manuela Ferri \u2013. Metter\u00f2 a disposizione la mia esperienza e le mie energie per portare agli elettori un programma fatto di seriet\u00e0, responsabilit\u00e0 e programmazione. Credo che la politica debba tornare ad essere ascolto e servizio, soprattutto in una regione come la Toscana dove troppo spesso le istituzioni sono apparse lontane dai cittadini. Per questo il mio impegno sar\u00e0 quello di rappresentare le istanze reali del nostro territorio, valorizzandone le eccellenze e affrontandone con coraggio le criticit\u00e0. Sono convinta che insieme, con Alessandro Tomasi presidente, potremo dare alla Toscana un governo del fare, vicino alle comunit\u00e0 e capace di rispondere davvero ai bisogni delle persone e delle famiglie\u201d.<\/p>\n","protected":false},"excerpt":{"rendered":"<p>Si completa la squadra di Fratelli d\u2019Italia per la provincia di Arezzo in vista delle elezioni regionali toscane: l\u2019avvocato Manuela Ferri \u00e8 stata designata candidata al Consiglio regionale accanto agli altri nomi scelti dal partito per rappresentare il territorio<\/p>\n","protected":false},"author":1,"featured_media":0,"comment_status":"open","ping_status":"open","sticky":false,"template":"","format":"standard","meta":{"_joinchat":[]},"categories":[1],"tags":[],"_links":{"self":[{"href":"https:\/\/www.radioribelle.it\/index.php\/wp-json\/wp\/v2\/posts\/45308"}],"collection":[{"href":"https:\/\/www.radioribelle.it\/index.php\/wp-json\/wp\/v2\/posts"}],"about":[{"href":"https:\/\/www.radioribelle.it\/index.php\/wp-json\/wp\/v2\/types\/post"}],"author":[{"embeddable":true,"href":"https:\/\/www.radioribelle.it\/index.php\/wp-json\/wp\/v2\/users\/1"}],"replies":[{"embeddable":true,"href":"https:\/\/www.radioribelle.it\/index.php\/wp-json\/wp\/v2\/comments?post=45308"}],"version-history":[{"count":1,"href":"https:\/\/www.radioribelle.it\/index.php\/wp-json\/wp\/v2\/posts\/45308\/revisions"}],"predecessor-version":[{"id":45309,"href":"https:\/\/www.radioribelle.it\/index.php\/wp-json\/wp\/v2\/posts\/45308\/revisions\/45309"}],"wp:attachment":[{"href":"https:\/\/www.radioribelle.it\/index.php\/wp-json\/wp\/v2\/media?parent=45308"}],"wp:term":[{"taxonomy":"category","embeddable":true,"href":"https:\/\/www.radioribelle.it\/index.php\/wp-json\/wp\/v2\/categories?post=45308"},{"taxonomy":"post_tag","embeddable":true,"href":"https:\/\/www.radioribelle.it\/index.php\/wp-json\/wp\/v2\/tags?post=45308"}],"curies":[{"name":"wp","href":"https:\/\/api.w.org\/{rel}","templated":true}]}}