{"id":45337,"date":"2025-08-31T16:13:00","date_gmt":"2025-08-31T14:13:00","guid":{"rendered":"https:\/\/www.radioribelle.it\/?p=45337"},"modified":"2025-08-31T14:18:34","modified_gmt":"2025-08-31T12:18:34","slug":"circolo-fratelli-ditalia-sansepolcro-presenta-alessandro-tomasi-candidato-a-governatore-della-regione-toscana","status":"publish","type":"post","link":"https:\/\/www.radioribelle.it\/index.php\/2025\/08\/31\/circolo-fratelli-ditalia-sansepolcro-presenta-alessandro-tomasi-candidato-a-governatore-della-regione-toscana\/","title":{"rendered":"Sansepolcro: Circolo Fratelli d\u2019Italia presenta Alessandro Tomasi candidato a Governatore della Regione Toscana"},"content":{"rendered":"\n<div class=\"wp-block-image\"><figure class=\"alignright size-large is-resized\"><img loading=\"lazy\" src=\"https:\/\/www.radioribelle.it\/wp-content\/uploads\/2025\/08\/WhatsApp-Image-2025-08-30-at-18.27.17-1024x768.jpeg\" alt=\"\" class=\"wp-image-45338\" width=\"247\" height=\"185\" srcset=\"https:\/\/www.radioribelle.it\/wp-content\/uploads\/2025\/08\/WhatsApp-Image-2025-08-30-at-18.27.17-1024x768.jpeg 1024w, https:\/\/www.radioribelle.it\/wp-content\/uploads\/2025\/08\/WhatsApp-Image-2025-08-30-at-18.27.17-300x225.jpeg 300w, https:\/\/www.radioribelle.it\/wp-content\/uploads\/2025\/08\/WhatsApp-Image-2025-08-30-at-18.27.17-768x576.jpeg 768w, https:\/\/www.radioribelle.it\/wp-content\/uploads\/2025\/08\/WhatsApp-Image-2025-08-30-at-18.27.17-1536x1152.jpeg 1536w, https:\/\/www.radioribelle.it\/wp-content\/uploads\/2025\/08\/WhatsApp-Image-2025-08-30-at-18.27.17-619x464.jpeg 619w, https:\/\/www.radioribelle.it\/wp-content\/uploads\/2025\/08\/WhatsApp-Image-2025-08-30-at-18.27.17.jpeg 1600w\" sizes=\"(max-width: 247px) 100vw, 247px\" \/><\/figure><\/div>\n\n\n\n<p>C\u2019\u00e8 grande soddisfazione per l\u2019evento pubblico che il 29 agosto il Circolo di Fratelli d\u2019Italia di Sansepolcro ha organizzato per presentare il candidato a Governatore della Regione Toscana del centrodestra unito, Alessandro Tomasi. Forte la presenza istituzionale dei Sindaci, degli assessori e dei consiglieri dei comuni valtiberini e aretini. I saluti della Senatrice Simona Petrucci, Commissario di FdI della provincia di Arezzo, sono stati portati dalla moderatrice Laura Chieli. <\/p>\n\n\n\n<!--more-->\n\n\n\n<p>Questi gli interlocutori di Tomasi: il Consigliere Regionale Gabriele Veneri &#8211; che ha affrontato il tema della formazione professionale, visto il preoccupante disallineamento nel territorio toscano tra le competenze acquisite nei percorsi formativi e quelli richiesti dal mercato del lavoro &#8211; e il Dirigente Nazionale Francesco Macr\u00ec che ha illustrato il modello di governo che potrebbe attuare il centrodestra con un candidato come Tomasi, nonch\u00e9 come si debbano evolvere i servizi pubblici con una regione diversamente amministrata.<br>Largo Porta Fiorentina era pieno di persone, accorse per conoscere il Sindaco pi\u00f9 amato della Toscana, il Sindaco che per ben due volte consecutive ha vinto a Pistoia, terra notoriamente di sinistra. Tomasi si presentato, alla platea partecipe e attenta, come colui che se diventer\u00e0 Governatore svolger\u00e0 questo ruolo continuando ad essere Sindaco, ma della Toscana, altres\u00ec tenendo presente &#8211; come ha chiaramente spiegato Francesco Macr\u00ec &#8211; che la gestione dell\u2019ente sar\u00e0 \u201cleggera\u201d nelle modalit\u00e0, ossia svincolata dai burocratismi che soffocano qualunque slancio di iniziativa e sviluppo, ma \u201cpesante\u201d nei contenuti, poich\u00e9 attuer\u00e0 una concreta riforma radicale di sistema. Per conseguire questo obiettivo occorrono visione e coraggio. Visione di una Toscana organizzata, efficiente e sicura e coraggio di operare scelte eque, nella logica del bene comune e duraturo; non di quello estemporaneo e transitorio, che si soddisfa con il metodo della \u201cmancia-contentino\u201d attuato finora in Toscana e che non ci appartiene; questo non fa altro che creare continui ammanchi a quelle risorse pubbliche che in realt\u00e0 sono destinate alla realizzazione di opere e piani strategici a beneficio di tutti. Tomasi ha sviscerato nei dettagli le priorit\u00e0 del suo programma: aree interne, sanit\u00e0, infrastrutture, sicurezza, politiche abitative, sviluppo economico, formazione e orientamento, servizi di prossimit\u00e0. \u00c8 la prima volta che un candidato a governatore della Toscana sceglie di incontrare la Valtiberina, chiaro segno che la politica di Tomasi mette al centro del proprio agire tutta la Toscana, anche le aree pi\u00f9 disagiate come quelle interne e periferiche. La gente dal pubblico \u00e8 intervenuta numerosa, dimostrando con evidenza il desiderio di cambiamento che anima i cittadini toscani.&nbsp;Un cambiamento che vede Fratelli d&#8217;Italia in prima linea,&nbsp;con la sua squadra di candidati al consiglio: Lorenzo Allegrucci, Giovanna Carlettini, Laura Chieli, Manuela Ferri, Stefania Franceschini, Francesco Lucacci, Roberto Santi, Gabriele Veneri.<\/p>\n","protected":false},"excerpt":{"rendered":"<p>C\u2019\u00e8 grande soddisfazione per l\u2019evento pubblico che il 29 agosto il Circolo di Fratelli d\u2019Italia di Sansepolcro ha organizzato per presentare il candidato a Governatore della Regione Toscana del centrodestra unito, Alessandro Tomasi. Forte la presenza istituzionale dei Sindaci, degli assessori e dei consiglieri dei comuni valtiberini e aretini. I saluti della Senatrice Simona Petrucci, [&hellip;]<\/p>\n","protected":false},"author":1,"featured_media":0,"comment_status":"open","ping_status":"open","sticky":false,"template":"","format":"standard","meta":{"_joinchat":[]},"categories":[1],"tags":[],"_links":{"self":[{"href":"https:\/\/www.radioribelle.it\/index.php\/wp-json\/wp\/v2\/posts\/45337"}],"collection":[{"href":"https:\/\/www.radioribelle.it\/index.php\/wp-json\/wp\/v2\/posts"}],"about":[{"href":"https:\/\/www.radioribelle.it\/index.php\/wp-json\/wp\/v2\/types\/post"}],"author":[{"embeddable":true,"href":"https:\/\/www.radioribelle.it\/index.php\/wp-json\/wp\/v2\/users\/1"}],"replies":[{"embeddable":true,"href":"https:\/\/www.radioribelle.it\/index.php\/wp-json\/wp\/v2\/comments?post=45337"}],"version-history":[{"count":3,"href":"https:\/\/www.radioribelle.it\/index.php\/wp-json\/wp\/v2\/posts\/45337\/revisions"}],"predecessor-version":[{"id":45341,"href":"https:\/\/www.radioribelle.it\/index.php\/wp-json\/wp\/v2\/posts\/45337\/revisions\/45341"}],"wp:attachment":[{"href":"https:\/\/www.radioribelle.it\/index.php\/wp-json\/wp\/v2\/media?parent=45337"}],"wp:term":[{"taxonomy":"category","embeddable":true,"href":"https:\/\/www.radioribelle.it\/index.php\/wp-json\/wp\/v2\/categories?post=45337"},{"taxonomy":"post_tag","embeddable":true,"href":"https:\/\/www.radioribelle.it\/index.php\/wp-json\/wp\/v2\/tags?post=45337"}],"curies":[{"name":"wp","href":"https:\/\/api.w.org\/{rel}","templated":true}]}}