{"id":45390,"date":"2025-09-06T13:43:00","date_gmt":"2025-09-06T11:43:00","guid":{"rendered":"https:\/\/www.radioribelle.it\/?p=45390"},"modified":"2025-09-06T08:19:03","modified_gmt":"2025-09-06T06:19:03","slug":"moto-per-uno-straccio-di-pace-sansepolcro-accoglie-la-15a-edizione-del-motoraduno-solidale","status":"publish","type":"post","link":"https:\/\/www.radioribelle.it\/index.php\/2025\/09\/06\/moto-per-uno-straccio-di-pace-sansepolcro-accoglie-la-15a-edizione-del-motoraduno-solidale\/","title":{"rendered":"Moto per uno Straccio di Pace: Sansepolcro accoglie la 15\u00aa edizione del motoraduno solidale"},"content":{"rendered":"\n<div class=\"wp-block-image\"><figure class=\"alignright size-large is-resized\"><img loading=\"lazy\" src=\"https:\/\/www.radioribelle.it\/wp-content\/uploads\/2025\/09\/In-moto-per-la-pace-1-763x1024.png\" alt=\"\" class=\"wp-image-45394\" width=\"418\" height=\"561\" srcset=\"https:\/\/www.radioribelle.it\/wp-content\/uploads\/2025\/09\/In-moto-per-la-pace-1-763x1024.png 763w, https:\/\/www.radioribelle.it\/wp-content\/uploads\/2025\/09\/In-moto-per-la-pace-1-224x300.png 224w, https:\/\/www.radioribelle.it\/wp-content\/uploads\/2025\/09\/In-moto-per-la-pace-1-768x1031.png 768w, https:\/\/www.radioribelle.it\/wp-content\/uploads\/2025\/09\/In-moto-per-la-pace-1-1144x1536.png 1144w, https:\/\/www.radioribelle.it\/wp-content\/uploads\/2025\/09\/In-moto-per-la-pace-1-619x831.png 619w, https:\/\/www.radioribelle.it\/wp-content\/uploads\/2025\/09\/In-moto-per-la-pace-1.png 1192w\" sizes=\"(max-width: 418px) 100vw, 418px\" \/><\/figure><\/div>\n\n\n\n<p>Il prossimo 7 settembre 2025 Sansepolcro sar\u00e0 tra le citt\u00e0 protagoniste della 15\u00aa edizione di \u201cIn Moto per uno Straccio di Pace\u201d, l\u2019ormai tradizionale motoraduno organizzato dal Guzzi Club Ravenna con la collaborazione di Avis Motorsport.<\/p>\n\n\n\n<p>Un evento che unisce passione, amicizia e solidariet\u00e0, portando centinaia di motociclisti a percorrere insieme un itinerario che toccher\u00e0 Ravenna, Sansepolcro, Assisi, Citt\u00e0 di Castello e Cesena, sotto il segno della pace e della condivisione e che viene accolto nella Citt\u00e0 di Piero dal Doc Ducati Sansepolcro.<\/p>\n\n\n\n<!--more-->\n\n\n\n<p>Il corteo dei motociclisti far\u00e0 tappa anche nella nostra citt\u00e0 a partire dalle 9.00, percorrendo le vie del centro storico e sostando in Viale Diaz, offrendo cos\u00ec l\u2019occasione di vivere un momento di grande suggestione e partecipazione collettiva. Lo \u201cstraccio di pace\u201d, simbolo che accompagna da anni l\u2019iniziativa, ricorda come i valori di fraternit\u00e0 e impegno civile possano viaggiare sulle due ruote e diffondersi lungo le strade che uniscono le comunit\u00e0.<\/p>\n\n\n\n<p>Una parte della quota di iscrizione sar\u00e0 destinata al progetto \u201cTutti accedono alle cure\u201d dell\u2019Istituto Serafico di Assisi, a sostegno di bambini e ragazzi con disabilit\u00e0 complesse. Un gesto concreto che testimonia come il raduno sia, oltre che un momento di festa, un\u2019occasione per fare del bene.<\/p>\n\n\n\n<p>L\u2019Amministrazione comunale esprime orgoglio per ospitare nuovamente una tappa di questo percorso di solidariet\u00e0 e invita la cittadinanza a partecipare e ad accogliere i motociclisti che animeranno le strade di Sansepolcro in un clima di festa e condivisione.&#8211;<\/p>\n\n\n\n<figure class=\"wp-block-image\"><img src=\"https:\/\/webmail.aruba.it\/smart\/javascript\/release\/dojo\/dojo\/resources\/blank.gif\" alt=\"\"\/><\/figure>\n\n\n\n<figure class=\"wp-block-image\"><img src=\"https:\/\/webmail.aruba.it\/smart\/javascript\/release\/dojo\/dojo\/resources\/blank.gif\" alt=\"\"\/><\/figure>\n\n\n\n<figure class=\"wp-block-image\"><img src=\"https:\/\/webmail.aruba.it\/smart\/javascript\/release\/dojo\/dojo\/resources\/blank.gif\" alt=\"\"\/><\/figure>\n","protected":false},"excerpt":{"rendered":"<p>Il prossimo 7 settembre 2025 Sansepolcro sar\u00e0 tra le citt\u00e0 protagoniste della 15\u00aa edizione di \u201cIn Moto per uno Straccio di Pace\u201d, l\u2019ormai tradizionale motoraduno organizzato dal Guzzi Club Ravenna con la collaborazione di Avis Motorsport. Un evento che unisce passione, amicizia e solidariet\u00e0, portando centinaia di motociclisti a percorrere insieme un itinerario che toccher\u00e0 [&hellip;]<\/p>\n","protected":false},"author":1,"featured_media":0,"comment_status":"open","ping_status":"open","sticky":false,"template":"","format":"standard","meta":{"_joinchat":[]},"categories":[1],"tags":[],"_links":{"self":[{"href":"https:\/\/www.radioribelle.it\/index.php\/wp-json\/wp\/v2\/posts\/45390"}],"collection":[{"href":"https:\/\/www.radioribelle.it\/index.php\/wp-json\/wp\/v2\/posts"}],"about":[{"href":"https:\/\/www.radioribelle.it\/index.php\/wp-json\/wp\/v2\/types\/post"}],"author":[{"embeddable":true,"href":"https:\/\/www.radioribelle.it\/index.php\/wp-json\/wp\/v2\/users\/1"}],"replies":[{"embeddable":true,"href":"https:\/\/www.radioribelle.it\/index.php\/wp-json\/wp\/v2\/comments?post=45390"}],"version-history":[{"count":1,"href":"https:\/\/www.radioribelle.it\/index.php\/wp-json\/wp\/v2\/posts\/45390\/revisions"}],"predecessor-version":[{"id":45395,"href":"https:\/\/www.radioribelle.it\/index.php\/wp-json\/wp\/v2\/posts\/45390\/revisions\/45395"}],"wp:attachment":[{"href":"https:\/\/www.radioribelle.it\/index.php\/wp-json\/wp\/v2\/media?parent=45390"}],"wp:term":[{"taxonomy":"category","embeddable":true,"href":"https:\/\/www.radioribelle.it\/index.php\/wp-json\/wp\/v2\/categories?post=45390"},{"taxonomy":"post_tag","embeddable":true,"href":"https:\/\/www.radioribelle.it\/index.php\/wp-json\/wp\/v2\/tags?post=45390"}],"curies":[{"name":"wp","href":"https:\/\/api.w.org\/{rel}","templated":true}]}}