{"id":45514,"date":"2025-09-08T13:37:00","date_gmt":"2025-09-08T11:37:00","guid":{"rendered":"https:\/\/www.radioribelle.it\/?p=45514"},"modified":"2025-09-08T18:27:20","modified_gmt":"2025-09-08T16:27:20","slug":"donazione-reliquia-di-santa-veronica-alla-mostra-del-libro-antico-e-della-stampa-antica","status":"publish","type":"post","link":"https:\/\/www.radioribelle.it\/index.php\/2025\/09\/08\/donazione-reliquia-di-santa-veronica-alla-mostra-del-libro-antico-e-della-stampa-antica\/","title":{"rendered":"Donazione reliquia di Santa Veronica alla Mostra del libro antico e della stampa antica"},"content":{"rendered":"\n<div class=\"wp-block-image\"><figure class=\"alignleft size-large is-resized\"><img loading=\"lazy\" src=\"https:\/\/www.radioribelle.it\/wp-content\/uploads\/2025\/09\/il-volume-e-reliquia-1024x864.jpeg\" alt=\"\" class=\"wp-image-45515\" width=\"228\" height=\"192\" srcset=\"https:\/\/www.radioribelle.it\/wp-content\/uploads\/2025\/09\/il-volume-e-reliquia-1024x864.jpeg 1024w, https:\/\/www.radioribelle.it\/wp-content\/uploads\/2025\/09\/il-volume-e-reliquia-300x253.jpeg 300w, https:\/\/www.radioribelle.it\/wp-content\/uploads\/2025\/09\/il-volume-e-reliquia-768x648.jpeg 768w, https:\/\/www.radioribelle.it\/wp-content\/uploads\/2025\/09\/il-volume-e-reliquia-619x522.jpeg 619w, https:\/\/www.radioribelle.it\/wp-content\/uploads\/2025\/09\/il-volume-e-reliquia.jpeg 1316w\" sizes=\"(max-width: 228px) 100vw, 228px\" \/><\/figure><\/div>\n\n\n\n<p> la gratitudine delle Clarisse Cappuccine del convento di Santa Veronica per il bel gesto di amore e vicinanza dimostrato \u2013 Quello di ieri \u00e8 il primo evento ufficiale a cui la Fondazione Santa Veronica Giuliani ETS e il Monastero Santa Veronica Giuliani hanno partecipato congiuntamente<\/p>\n\n\n\n<!--more-->\n\n\n\n<p>Mostra del libro antico e della stampa antica, fra storia, fede e altruismo. La gratitudine delle Clarisse Cappuccine del convento di Santa Veronica per il bel gesto di amore e vicinanza dei bibliofili ed esperti di libri e stampe d\u2019epoca. Ieri in occasione della prestigiosa &nbsp;Mostra Mercato del Libro Antico e della stampa antica giunta alla sua XXVesima edizione, il Monastero Santa Veronica Giuliani e la Fondazione Santa Veronica Giuliani ETS, sono state invitate a prendere parte a questo evento per ricevere in dono una reliquia attribuita a Santa Veronica Giuliani e ritrovata all\u2019interno di un volume stampato a Firenze nel 1770. Erano presenti la madre&nbsp;<strong>Chiara Veronica Sebastiano<\/strong>, badessa del Monastero e presidente della Fondazione Santa Veronica Giuliani ETS e suor&nbsp;<strong>Suor Serafina di Fonzo<\/strong>&nbsp;monaca cappuccina del Monastero e consigliera della Fondazione assieme al vicario generale della diocesi, Don &nbsp;<strong>Andrea Czortek.<\/strong>&nbsp;La reliquia donata al Monastero sar\u00e0 ora sottoposta a uno studio e una opportuna verifica da parte della Fondazione Santa Veronica Giuliani ETS e se realmente appartenente a Santa Veronica Giuliani (1660-1727), verr\u00e0 conservata insieme ai ricordi e alle reliquie pi\u00f9 importanti che fanno gi\u00e0 parte del patrimonio spirituale e culturale del Monastero. \u201cRingraziamo il sindaco Luca Secondi, la vice-presidente della Camera dei Deputati Anna Ascani, il direttore scientifico e curatore della mostra, Giancarlo Mezzetti, il presidente dell\u2019Associazione Palazzo Vitelli Sant\u2019Egidio Fabio Nisi, Loris di Giovanni, la famiglia Manetti proprietaria del volume e che ha deciso di donare la reliquia al Monastero e tutti coloro che sono intervenuti e hanno contribuito alla realizzazione di questo evento, in particolare il giornalista Giorgio Galvani\u201d, ha dichiarato&nbsp;<strong>Suor Chiara<\/strong>&nbsp;nel sottolineare la bellissima giornata, che ha sancito il primo evento ufficiale a cui la Fondazione Santa Veronica Giuliani ETS e il Monastero Santa Veronica Giuliani hanno partecipato congiuntamente. \u201cSanta Veronica Giuliani \u2013 ha proseguito Suor Chiara &#8211; \u00e8 stata una scrittrice \u201cforzata\u201d: nel 1693 inizia a tenere un diario per volere del confessore nel quale racconta tutto ci\u00f2 che vive nella sua intimit\u00e0 con Dio. Scrive non per suo desiderio ma per obbedire ad una precisa richiesta e fino alla fine della sua vita rester\u00e0 fedele a quanto le \u00e8 stato chiesto riempiendo 22.000 pagine. Nel tempo comprender\u00e0 il dovere e la responsabilit\u00e0 della testimonianza scritta, che \u00e8 sempre uno strumento di libert\u00e0 e di dignit\u00e0. Grazie a quelle pagine custodite con cura nell\u2019archivio del Monastero e pubblicate negli anni, lei \u00e8 presente e viva, parla ancora come donna e come credente.\u201d Proprio per restituire e condividere innanzitutto con il territorio di immediato riferimento, con le sue istituzioni e le sue realt\u00e0 culturali, sociali e religiose, il patrimonio spirituale e culturale che il Monastero Santa Veronica Giuliani custodisce da secoli, il 31 maggio 2024 per volont\u00e0 delle Sorelle Cappuccine \u00e8 stata costituita la Fondazione Santa Veronica Giuliani ETS presentata attraverso una conferenza di alto profilo il 31 maggio 2025 nel chiostro del Monastero. La Fondazione che sta muovendo i primi passi, sta gi\u00e0 lavorando ad alcuni progetti specifici tra i quali spicca il terzo centenario della morte della Santa nel 2027. Per conoscerla meglio si pu\u00f2 visitare il sito&nbsp;<a href=\"http:\/\/www.fondazionesantaveronicagiuliani.org\/\" target=\"_blank\" rel=\"noreferrer noopener\">www.fondazionesantaveronicagiuliani.org<\/a>&nbsp;e i suoi profili Facebook e Instagram.<\/p>\n\n\n\n<p>Monache Clarisse Cappuccine (Monastero \u201cS. Veronica\u201d) &nbsp;Via XI Settembre, 21 Citt\u00e0 di Castello<br>&nbsp;Il monastero \u00e8 stato fondato nel 1643 da Mons. Giovanni Maria Cuccioli. Le prime due madri provenivano dal Monastero delle cappuccine di Perugia.&nbsp;Le monache sono di vita interamente contemplativa e seguono la regola di santa Chiara d\u2019Assisi, secondo la riforma intrapresa dalla venerabile Lorenza Longo nel 1535. Qui visse santa Veronica Giuliani, grande mistica, che dal 1677 al 1727 si offr\u00ec per la gloria di Dio e per la salvezza dei fratelli.&nbsp;Nel secolo scorso il monastero \u00e8 stato scelto come sede della nascente Federazione delle cappuccine e come centro formativo della vita cappuccina. L\u201911 marzo 1955, infatti, nasceva la prima Federazione centro-sud-isole e la sua prima presidente fu sr. Maria Francesca Venturini. In quegli anni il monastero fu la sede del noviziato comune e quindi si resero necessari i lavori di ampliamento e di ristrutturazione per accogliere le novizie degli altri monasteri. Le sorelle oltre a un\u2019intensa vita di preghiera, si dedicano alla preparazione delle ostie per la diocesi e accolgono i numerosi pellegrini che desiderano visitare il piccolo museo che custodisce i ricordi della Santa Veronica e della beata Fl\u00f3rida C\u00e8voli.<\/p>\n","protected":false},"excerpt":{"rendered":"<p>la gratitudine delle Clarisse Cappuccine del convento di Santa Veronica per il bel gesto di amore e vicinanza dimostrato \u2013 Quello di ieri \u00e8 il primo evento ufficiale a cui la Fondazione Santa Veronica Giuliani ETS e il Monastero Santa Veronica Giuliani hanno partecipato congiuntamente<\/p>\n","protected":false},"author":1,"featured_media":0,"comment_status":"open","ping_status":"open","sticky":false,"template":"","format":"standard","meta":{"_joinchat":[]},"categories":[1],"tags":[],"_links":{"self":[{"href":"https:\/\/www.radioribelle.it\/index.php\/wp-json\/wp\/v2\/posts\/45514"}],"collection":[{"href":"https:\/\/www.radioribelle.it\/index.php\/wp-json\/wp\/v2\/posts"}],"about":[{"href":"https:\/\/www.radioribelle.it\/index.php\/wp-json\/wp\/v2\/types\/post"}],"author":[{"embeddable":true,"href":"https:\/\/www.radioribelle.it\/index.php\/wp-json\/wp\/v2\/users\/1"}],"replies":[{"embeddable":true,"href":"https:\/\/www.radioribelle.it\/index.php\/wp-json\/wp\/v2\/comments?post=45514"}],"version-history":[{"count":2,"href":"https:\/\/www.radioribelle.it\/index.php\/wp-json\/wp\/v2\/posts\/45514\/revisions"}],"predecessor-version":[{"id":45517,"href":"https:\/\/www.radioribelle.it\/index.php\/wp-json\/wp\/v2\/posts\/45514\/revisions\/45517"}],"wp:attachment":[{"href":"https:\/\/www.radioribelle.it\/index.php\/wp-json\/wp\/v2\/media?parent=45514"}],"wp:term":[{"taxonomy":"category","embeddable":true,"href":"https:\/\/www.radioribelle.it\/index.php\/wp-json\/wp\/v2\/categories?post=45514"},{"taxonomy":"post_tag","embeddable":true,"href":"https:\/\/www.radioribelle.it\/index.php\/wp-json\/wp\/v2\/tags?post=45514"}],"curies":[{"name":"wp","href":"https:\/\/api.w.org\/{rel}","templated":true}]}}