{"id":45638,"date":"2025-09-11T17:13:00","date_gmt":"2025-09-11T15:13:00","guid":{"rendered":"https:\/\/www.radioribelle.it\/?p=45638"},"modified":"2025-09-11T05:14:19","modified_gmt":"2025-09-11T03:14:19","slug":"ausl-romagna-corre-con-maratona-alzheimer","status":"publish","type":"post","link":"https:\/\/www.radioribelle.it\/index.php\/2025\/09\/11\/ausl-romagna-corre-con-maratona-alzheimer\/","title":{"rendered":"Ausl Romagna corre con Maratona Alzheimer"},"content":{"rendered":"\n<div class=\"wp-block-image\"><figure class=\"alignleft size-full\"><img loading=\"lazy\" width=\"317\" height=\"159\" src=\"https:\/\/www.radioribelle.it\/wp-content\/uploads\/2025\/09\/download-21.jpeg\" alt=\"\" class=\"wp-image-45639\" srcset=\"https:\/\/www.radioribelle.it\/wp-content\/uploads\/2025\/09\/download-21.jpeg 317w, https:\/\/www.radioribelle.it\/wp-content\/uploads\/2025\/09\/download-21-300x150.jpeg 300w\" sizes=\"(max-width: 317px) 100vw, 317px\" \/><\/figure><\/div>\n\n\n\n<p><em>Il 13 e 14 settembre anche Ausl Romagna sar\u00e0 al Village di Cesenatico con iniziative per tutte le et\u00e0\u00a0dedicate alla prevenzione, alla salute e al benessere.<\/em><\/p>\n\n\n\n<!--more-->\n\n\n\n<p>Ausl Romagna corre con Maratona Alzheimer.\u00a0Sabato 13 e domenica 14 settembre\u00a0i Servizi Territoriali di Igiene e Sanit\u00e0 Pubblica, il Dipartimento di Cure Primarie insieme agli Infermieri di Famiglia e Comunit\u00e0, la Casa di Comunit\u00e0 di Cesenatico, il Centro Disturbi Cognitivi e Demenze, la Pediatria di Comunit\u00e0 e Consultorio Familiare saranno presenti al Village di Cesenatico con una serie di iniziative per tutte le et\u00e0dedicate alla prevenzione, alla salute e al benessere.\u00a0Ecco il programma con il dettaglio delle attivit\u00e0:<\/p>\n\n\n\n<p>\u201cMetti alla prova la tua forza\u201d:\u00a0sabato 13 e domenica 14 settembre, dalle 10 alle 13 sar\u00e0 possibile eseguire con un Tecnico di Attivit\u00e0 Motoria di Ausl Romagna un test di forza per gli arti superiori e inferiori e scoprire le proprie abilit\u00e0 fisiche.<\/p>\n\n\n\n<p>\u201cPausa Attiva Alzheimer\u201d:\u00a0sabato 13 e domenica 14 settembre, alle 10 e alle 11, grazie al supporto del Tecnico di Attivit\u00e0 Motoria di Ausl Romagna, sar\u00e0 possibile sperimentare \u201cLa Pausa attiva\u201d per contrastare la sedentariet\u00e0. Un breve serie di semplici esercizi appositamente pensati per interrompere i momenti di sedentariet\u00e0 fisica e riattivare corpo e mente, da eseguire in autonomia, anche a casa.<\/p>\n\n\n\n<p>\u201cAlimentati con gusto e salute\u201d:\u00a0sabato 13 e domenica 14 settembre, dalle 10 alle 13 incontro dal titolo il \u201cPIATTO SANO\u201d con gli operatori del Dipartimento di Sanit\u00e0 Pubblica che spiegheranno come scegliere gli alimenti da mettere in tavola per un piatto sano e bilanciato.<\/p>\n\n\n\n<p>\u201cLa prevenzione \u00e8 un dono che puoi fare a te stesso\u201d:\u00a0sabato 13 settembre, dalle 9 alle 13,\u00a0alla Casa della Comunit\u00e0 di Cesenatico, gli Infermieri di Famiglia e Comunit\u00e0 e gli operatori sanitari del Centro Disturbi Cognitivi e Demenze accoglieranno persone con patologie croniche e disturbi cognitivi soggettivi, assieme ai loro familiari. Si potranno ricevere informazioni sui percorsi preventivi e diagnostici presenti sul territorio e si potranno effettuare screening brevi con test cognitivi.<\/p>\n\n\n\n<p>\u201cAlla Maratona Alzheimer c\u2019\u00e8 spazio fin da piccoli!\u201d:\u00a0sabato 13 settembre, dalle 14 alle 18, le infermiere della Pediatria di Comunit\u00e0 e del Consultorio Familiare saranno presenti con attivit\u00e0 divulgative di promozione della salute per i bambini e le loro famiglie e la distribuzione di materiale informativo sulla musica, sulla lettura, sulla prevenzione degli incidenti e sullo Spazio Giovani.<\/p>\n\n\n\n<p>\u201cSul palco la salute prende forma con la camminata!\u201d:\u00a0sabato 13 settembre, alle ore 17, incontro coi Walking Leader per conoscere i Gruppi di Cammino attivi sul territorio e navigare sulla Mappa della Salute, per muoversi e restare in forma in compagnia.<\/p>\n","protected":false},"excerpt":{"rendered":"<p>Il 13 e 14 settembre anche Ausl Romagna sar\u00e0 al Village di Cesenatico con iniziative per tutte le et\u00e0\u00a0dedicate alla prevenzione, alla salute e al benessere.<\/p>\n","protected":false},"author":1,"featured_media":0,"comment_status":"open","ping_status":"open","sticky":false,"template":"","format":"standard","meta":{"_joinchat":[]},"categories":[1],"tags":[],"_links":{"self":[{"href":"https:\/\/www.radioribelle.it\/index.php\/wp-json\/wp\/v2\/posts\/45638"}],"collection":[{"href":"https:\/\/www.radioribelle.it\/index.php\/wp-json\/wp\/v2\/posts"}],"about":[{"href":"https:\/\/www.radioribelle.it\/index.php\/wp-json\/wp\/v2\/types\/post"}],"author":[{"embeddable":true,"href":"https:\/\/www.radioribelle.it\/index.php\/wp-json\/wp\/v2\/users\/1"}],"replies":[{"embeddable":true,"href":"https:\/\/www.radioribelle.it\/index.php\/wp-json\/wp\/v2\/comments?post=45638"}],"version-history":[{"count":1,"href":"https:\/\/www.radioribelle.it\/index.php\/wp-json\/wp\/v2\/posts\/45638\/revisions"}],"predecessor-version":[{"id":45640,"href":"https:\/\/www.radioribelle.it\/index.php\/wp-json\/wp\/v2\/posts\/45638\/revisions\/45640"}],"wp:attachment":[{"href":"https:\/\/www.radioribelle.it\/index.php\/wp-json\/wp\/v2\/media?parent=45638"}],"wp:term":[{"taxonomy":"category","embeddable":true,"href":"https:\/\/www.radioribelle.it\/index.php\/wp-json\/wp\/v2\/categories?post=45638"},{"taxonomy":"post_tag","embeddable":true,"href":"https:\/\/www.radioribelle.it\/index.php\/wp-json\/wp\/v2\/tags?post=45638"}],"curies":[{"name":"wp","href":"https:\/\/api.w.org\/{rel}","templated":true}]}}