{"id":45659,"date":"2025-09-12T07:33:00","date_gmt":"2025-09-12T05:33:00","guid":{"rendered":"https:\/\/www.radioribelle.it\/?p=45659"},"modified":"2025-09-11T21:56:37","modified_gmt":"2025-09-11T19:56:37","slug":"sport-senza-frontiere","status":"publish","type":"post","link":"https:\/\/www.radioribelle.it\/index.php\/2025\/09\/12\/sport-senza-frontiere\/","title":{"rendered":"SPORT SENZA FRONTIERE"},"content":{"rendered":"\n<div class=\"wp-block-image\"><figure class=\"alignleft size-large is-resized\"><img loading=\"lazy\" src=\"https:\/\/www.radioribelle.it\/wp-content\/uploads\/2025\/09\/Locandina-Sport-Senza-Frontiere-768x1024.jpg\" alt=\"\" class=\"wp-image-45660\" width=\"250\" height=\"334\" srcset=\"https:\/\/www.radioribelle.it\/wp-content\/uploads\/2025\/09\/Locandina-Sport-Senza-Frontiere-768x1024.jpg 768w, https:\/\/www.radioribelle.it\/wp-content\/uploads\/2025\/09\/Locandina-Sport-Senza-Frontiere-225x300.jpg 225w, https:\/\/www.radioribelle.it\/wp-content\/uploads\/2025\/09\/Locandina-Sport-Senza-Frontiere-1152x1536.jpg 1152w, https:\/\/www.radioribelle.it\/wp-content\/uploads\/2025\/09\/Locandina-Sport-Senza-Frontiere-619x825.jpg 619w, https:\/\/www.radioribelle.it\/wp-content\/uploads\/2025\/09\/Locandina-Sport-Senza-Frontiere.jpg 1200w\" sizes=\"(max-width: 250px) 100vw, 250px\" \/><\/figure><\/div>\n\n\n\n<p><em>Domenica 14 Settembre &#8211; Ore 09:30-12:40 e 16:00-19:30<\/em> <em>Sala\u202fMUMEC, Museo dei Mezzi di Comunicazione &#8211; Via\u202fRicasoli,\u00a022\u202f-\u00a0Arezzo<\/em> m<u>SPORT SENZA FRONTIERE: PER UNA VITA PRIVA DI LIMITI<\/u> m<em>Una giornata all\u2019insegna della condivisione di emozioni e di valori sportivi che non hanno barriere o confini.<\/em><\/p>\n\n\n\n<!--more-->\n\n\n\n<p>Domenica 14 settembre presso il MUMEC (Museo dei Mezzi di Comunicazione) ad Arezzo arriva \u201c<em>Sport Senza Frontiere<\/em>\u201d, l\u2019evento sociale organizzato dal Festival del Calcio Italiano &#8211; Rever, ideato e prodotto dal giornalista e project manager Donato Alfani, e patrocinato dal Comune di Arezzo in cui lo Sport raggiunge la sua massima espansione.<\/p>\n\n\n\n<p>\u201c<em>Sport Senza Frontiere<\/em>\u201d \u00e8 molto pi\u00f9 di un evento: \u00e8 un motore sociale che trasforma lo sport in linguaggio universale d\u2019inclusione. Il suo cuore batte nell\u2019idea che correre, giocare, allenarsi e confrontarsi insieme possa azzerare le distanze, far crollare le barriere culturali e convertire la diversit\u00e0 in ricchezza condivisa. Un ringraziamento va alla famiglia Manzo ed ai protagonisti che prenderanno parte all\u2019evento: FIGC, Lega Nazionale Dilettanti, Circolo Schermistico Aretino, Emotional &amp; More APS, Special Olympics Italia, OlmoPonte Arezzo Santa Firmina A.S.D., e Calcio Fair\u00a0Play\u00a0Toscana. L\u2019evento si aprir\u00e0 con il saluto ufficiale a cura del Delegato Provinciale del Coni Arezzo, Dr.\u00a0Alberto\u00a0Melis. Protagoniste di questa visione sono la federazione, leghe e associazioni sportive, realt\u00e0 radicate sul territorio nazionale e riconosciute per il loro impegno sociale, che scendono in campo per raccontare e documentare il valore delle proprie iniziative attraverso testimonianze dirette destinate a confluire in un Manifesto per l\u2019inclusione da presentare al Ministro dello Sport, affinch\u00e9 i principi promossi sul campo trovino eco nelle istituzioni. mGrazie al loro impulso prendono forma progetti innovativi, laboratori interattivi, campagne di promozione e sensibilizzazione, che danno voce ad atleti, volontari e appassionati, trasformandoli in ambasciatori del territorio, protagonisti di iniziative d\u2019avanguardia che diffondono buone pratiche sportive e promuovono il benessere sociale. A conclusione dell\u2019evento seguiranno i saluti affidati al Delegato Provinciale CIP, Dr. Mirco\u00a0Marinelli<\/p>\n\n\n\n<p>\u201c<em>Sport Senza Frontiere &#8211; <\/em>molto pi\u00f9 di un evento\u201d, \u00e8 in definitiva, l\u2019evento sociale per eccellenza che unisce, ispira e accoglie la comunit\u00e0: un invito a scoprire quanto lontano pu\u00f2 arrivare il gioco quando diventa spazio di incontro e di cambiamento reale.<\/p>\n\n\n\n<p>Festival del Calcio Italiano<br><a href=\"mailto:ufficiostampa@festivaldelcalcioitaliano.com\">ufficiostampa@festivaldelcalcioitaliano.com<\/a> <strong>&nbsp;<\/strong><\/p>\n\n\n\n<p>Adriano ANCONA -Riccardo BUFFETTI <\/p>\n","protected":false},"excerpt":{"rendered":"<p>Domenica 14 Settembre &#8211; Ore 09:30-12:40 e 16:00-19:30 Sala\u202fMUMEC, Museo dei Mezzi di Comunicazione &#8211; Via\u202fRicasoli,\u00a022\u202f-\u00a0Arezzo mSPORT SENZA FRONTIERE: PER UNA VITA PRIVA DI LIMITI mUna giornata all\u2019insegna della condivisione di emozioni e di valori sportivi che non hanno barriere o confini.<\/p>\n","protected":false},"author":1,"featured_media":0,"comment_status":"open","ping_status":"open","sticky":false,"template":"","format":"standard","meta":{"_joinchat":[]},"categories":[1],"tags":[],"_links":{"self":[{"href":"https:\/\/www.radioribelle.it\/index.php\/wp-json\/wp\/v2\/posts\/45659"}],"collection":[{"href":"https:\/\/www.radioribelle.it\/index.php\/wp-json\/wp\/v2\/posts"}],"about":[{"href":"https:\/\/www.radioribelle.it\/index.php\/wp-json\/wp\/v2\/types\/post"}],"author":[{"embeddable":true,"href":"https:\/\/www.radioribelle.it\/index.php\/wp-json\/wp\/v2\/users\/1"}],"replies":[{"embeddable":true,"href":"https:\/\/www.radioribelle.it\/index.php\/wp-json\/wp\/v2\/comments?post=45659"}],"version-history":[{"count":1,"href":"https:\/\/www.radioribelle.it\/index.php\/wp-json\/wp\/v2\/posts\/45659\/revisions"}],"predecessor-version":[{"id":45661,"href":"https:\/\/www.radioribelle.it\/index.php\/wp-json\/wp\/v2\/posts\/45659\/revisions\/45661"}],"wp:attachment":[{"href":"https:\/\/www.radioribelle.it\/index.php\/wp-json\/wp\/v2\/media?parent=45659"}],"wp:term":[{"taxonomy":"category","embeddable":true,"href":"https:\/\/www.radioribelle.it\/index.php\/wp-json\/wp\/v2\/categories?post=45659"},{"taxonomy":"post_tag","embeddable":true,"href":"https:\/\/www.radioribelle.it\/index.php\/wp-json\/wp\/v2\/tags?post=45659"}],"curies":[{"name":"wp","href":"https:\/\/api.w.org\/{rel}","templated":true}]}}