{"id":4671,"date":"2022-08-23T12:07:00","date_gmt":"2022-08-23T10:07:00","guid":{"rendered":"https:\/\/www.radioribelle.it\/?p=4671"},"modified":"2022-08-22T15:05:57","modified_gmt":"2022-08-22T13:05:57","slug":"festival-dellautobiografia-2022","status":"publish","type":"post","link":"https:\/\/www.radioribelle.it\/index.php\/2022\/08\/23\/festival-dellautobiografia-2022\/","title":{"rendered":"Festival dell&#8217;Autobiografia 2022"},"content":{"rendered":"\n<div class=\"wp-block-image\"><figure class=\"alignright size-full is-resized\"><img loading=\"lazy\" src=\"https:\/\/www.radioribelle.it\/wp-content\/uploads\/2022\/08\/COPERTINA-FACEBOOK_20220.jpg\" alt=\"\" class=\"wp-image-4672\" width=\"415\" height=\"182\" srcset=\"https:\/\/www.radioribelle.it\/wp-content\/uploads\/2022\/08\/COPERTINA-FACEBOOK_20220.jpg 820w, https:\/\/www.radioribelle.it\/wp-content\/uploads\/2022\/08\/COPERTINA-FACEBOOK_20220-300x132.jpg 300w, https:\/\/www.radioribelle.it\/wp-content\/uploads\/2022\/08\/COPERTINA-FACEBOOK_20220-768x337.jpg 768w, https:\/\/www.radioribelle.it\/wp-content\/uploads\/2022\/08\/COPERTINA-FACEBOOK_20220-619x272.jpg 619w\" sizes=\"(max-width: 415px) 100vw, 415px\" \/><\/figure><\/div>\n\n\n\n<p><strong>UN PAESE VUOL DIRE NON ESSERE SOLI<\/strong> <strong>IL FESTIVAL DELL\u2019AUTOBIOGRAFIA AD ANGHIARI, DAL 30 SETTEMBRE AL 2 OTTOBRE\u00a0<\/strong><\/p>\n\n\n\n<!--more-->\n\n\n\n<p><br>Ci sar\u00e0 anche il poeta e paesologo Franco Arminio, al Festival dell\u2019Autobiografia di Anghiari in programma dal 30 settembre al 2 ottobre. E insieme a lui saliranno sul palco dello storico Teatro, letterati, sociologi, storici, architetti, giornalisti e protagonisti di progetti di custodia della memoria focalizzati sulla vita dei luoghi.\u00a0 La manifestazione \u201cUn paese vuol dire non essere soli. Borghi e comunit\u00e0 in racconto nella Valle della Memoria\u201d svela da oggi gli interventi che saranno proposti agli amici della LUA, vecchi e nuovi, nell\u2019arco delle tre giornate del Festival, che, dopo l\u2019edizione dello scorso anno svoltasi all\u2019esterno nella suggestiva cornice di Villa Gennaioli, torna a richiamare il proprio pubblico nel Teatro di Anghiari, spostata per\u00f2 di un mese rispetto alle precedenti esperienze. Gi\u00e0, perch\u00e9 il Festival di quest\u2019anno sar\u00e0 molto particolare: quest\u2019anno la LUA, con un bel colpo di reni, ha voluto dimostrare tutte le proprie capacit\u00e0 di reagire alle difficolt\u00e0 portate dal covid, e per questo ha bandito il concorso letterario \u201cL\u2019albero delle ciliegie. Una storia tira l\u2019altra\u201d, che ha richiesto tempi appropriati per il lavoro della commissione esaminatrice. Da l\u00ec, la decisione di spostare le date, e di prevedere le premiazioni proprio nell\u2019ultima giornata del Festival, domenica 2 Ottobre. Daremo comunicazione dei vincitori nella prossima newsletter. ornando agli eventi in programma, si inizier\u00e0 venerd\u00ec mattina 30 settembre con il Circolo di Scrittura Autobiografica a distanza e con una passeggiata nel borgo a cura di Elisa Barbieri, mentre l\u2019apertura ufficiale \u00e8 prevista per le 15, con la presidente della LUA Stefania Bolletti, il fondatore Duccio Demetrio e il sindaco di Anghiari Alessandro Polcri. La lettura del programma offre una panoramica dettagliata che consentir\u00e0 di offrire spunti di riflessione sul valore dei luoghi e del legame che li unisce alle persone da pi\u00f9 prospettive: filosofiche, narrative, poetiche, urbanistiche e artistiche, ma anche operative sul piano sociale, come accadr\u00e0 negli incontri con i curatori di alcuni importanti progetti (Pennabilli, Fermo, paesi terremotati delle Marche) e con alcune esperienze dei Circoli di cultura autobiografica e biografica della LUA.\u00a0 Sabato, alle 18.30, il paesologo pi\u00f9 famoso, e amato, d\u2019Italia sar\u00e0 in scena con la sua vasta e infaticabile testimonianza di cultore e difensore dei luoghi cosiddetti minori. A lui, per il suo impegno culturale e civile rivolto a restituire voce, visibilit\u00e0 e vita ai paesi, verr\u00e0 consegnato il premio del Centro Nazionale Ricerche e Studi autobiografici \u201cAthe Gracci\u201d, mentre il premio Citt\u00e0 dell\u2019Autobiografia 2022 andr\u00e0 al direttore della rivista Borghi Magazine, Claudio Bacilieri, membro della commissione della fondazione \u201cI borghi pi\u00f9 belli d\u2019Italia\u201d, da molti anni autore e divulgatore di innumerevoli racconti dedicati alle localit\u00e0 note e meno note del nostro Paese. In un\u2019edizione che si presenta all\u2019insegna della collaborazione con le altre risorse culturali della \u201cvalle della memoria\u201d (Archivio Diaristico Nazionale di Pieve S. Stefano, Progetto Valtiberina- Festival dei cammini di Francesco, Teatro di Anghiari, Museo della Battaglia e di Anghiari), una novit\u00e0 assoluta sar\u00e0 costituita dalla mostra delle opere di Duccio Demetrio, in versione \u201cpittore per diletto\u201d, intitolata \u201cLe mie colline\u201d. Venerd\u00ec 30, alle 18, il fondatore della LUA e direttore del Centro Ricerche e Studi autobiografici Athe Gracci presenter\u00e0 i suoi lavori presso la showroom Busatti. Le tele esposte saranno quindi poste in vendita e il ricavato sar\u00e0 destinato ai progetti della LUA.\u00a0<\/p>\n\n\n\n<p>Per il programma completo\u00a0<strong><a rel=\"noreferrer noopener\" href=\"https:\/\/customer8239.musvc1.net\/e\/t?q=7%3dPT9c%264%3dS%26t%3dXQT%26u%3dXIT9%26O%3dzLzJ_0sYt_K3_xukr_80_0sYt_J8rOs.Az_LiuV_VxMrN1Ek-H7LoT17_xukr_80Jb8V_0sYt_J8Fb_0sYt_J8l9ALo5s3gPsD-j94DgOBGhC79x5xAg-VRT8_LiuV_Vx%266%3dsOANiU.67z%26CA%3daAb&amp;mupckp=mupAtu4m8OiX0wt\" target=\"_blank\">clicca qui\u00a0<\/a><\/strong>per l\u2019iscrizione<strong>\u00a0<\/strong><a rel=\"noreferrer noopener\" href=\"https:\/\/customer8239.musvc1.net\/e\/t?q=0%3dFX5f%26t%3dW%26p%3daGX%26q%3da9X5%26R%3dpPv8i7cM1_NSzX_Yc_OYyR_Yn_NSzX_XhCwNo.GwPhLzI.eLu_NSzX_XhY9f3X0d9XDc6ZCf%26f%3dJ3Ox09.JgQ%26qO%3dAbF&amp;mupckp=mupAtu4m8OiX0wt\" target=\"_blank\"><strong>clicca qui.<\/strong><\/a> <\/p>\n\n\n\n<p>Il concorso L&#8217;albero delle ciliegie \u00e8 stato arricchito dal contributo delle referenti e dei referenti territoriali che ne hanno divulgato i contenuti nei propri territori. Attenti ai bisogni delle diverse realt\u00e0 che abitano e promotori del valore formativo del racconto di s\u00e9, svolgono senza sosta un lavoro prezioso. E all&#8217;interno del festival saranno protagonisti di alcuni momenti importanti.\u00a0 A questo proposito ricordiamo il laboratorio tenuto da Ornella Mastrobuoni a Carassai, in provincia di Ascoli Piceno, organizzato dall\u2019associazione Sibilla Arte, dal 9 all\u201911 Settembre, Autoritratto di famiglia (per informazioni:\u00a0<a href=\"javascript:webmail.View.mailto({mailto:'info%40sibilla-arte.com', subject: ''})\">info@sibilla-arte.com<\/a>\/ tel.3396391290). Oltre al Festival dell\u2019Autobiografia, evento di incontro di strade autobiografiche, proseguono ad Anghiari \u00a0le attivit\u00e0 formative. In autunno, infatti, sono previsti tre seminari, tra i mesi di Ottobre e Novembre e ricordiamo che sono aperte le iscrizioni per\u00a0<strong><a rel=\"noreferrer noopener\" href=\"https:\/\/customer8239.musvc1.net\/e\/t?q=7%3dTS3c%268%3dR%26n%3dXUS%26o%3dXMS3%26O%3d4KtJ_DrSt_O2_ruoq_20_DrSt_N7lOw.0t_LmtP_V24oLE0_ruoq_20E4uI82-mH1DoM5Ee-ND0eH02l9_DrSt_N7%26d5w2a%3dGGJv7M.EeN%265J%3d9YT&amp;mupckp=mupAtu4m8OiX0wt\" target=\"_blank\">Mnemosyne &#8211; Scuola di Scrittura Autobiografica e Biografica\u00a0<\/a><\/strong>per l\u2019anno 2023.<\/p>\n\n\n\n<p><strong>La formazione autobiografica ad Anghiari nei prossimi mesi<\/strong> <strong><a rel=\"noreferrer noopener\" href=\"https:\/\/customer8239.musvc1.net\/e\/t?q=9%3dPR0e%264%3dQ%26u%3dZQR%26v%3dZIR0%26Q%3dzJ17s1hL_0qZv_K1_ywkp_9B_0qZv_J6sQs.91_NisW_Xx3vNA9_ywkp_9BA5tE61yE_0qZv_J6%26k%3dICI39I.DlP%261I%3dFaP&amp;mupckp=mupAtu4m8OiX0wt\" target=\"_blank\">I seminari tematici<\/a><\/strong>\u00a0saranno dedicati a tematiche differenti, il primo,\u00a0<em>Ma tu a cosa credi? Per un\u2019autobiografia della nostra incerta religiosit\u00e0,<\/em>\u00a0previsto dal 7 al 9 Ottobre, \u00e8 dedicato alla religiosit\u00e0 personale, muovendo da interrogativi su come la raccontiamo, quali sono i sentimenti e i vissuti che si svelano, quali sono le tappe di questo cammino che si rivelano fondamentali nel racconto autobiografico? Sotto la guida del docente Giampiero Comolli, ascolto di testimonianze, descrizione e condivisione, attraverso le pratiche della scrittura di s\u00e9, di tratti della nostra incerta religiosit\u00e0. Fino ad arrivare, forse, a una qualche inattesa rivelazione. \u00a0<em>Scrivere e condividere l\u2019esperienza educativa<\/em>\u00a0\u00e8 il tema di un seminario che si svolge dall\u201911 al 13 Novembre \u00e8 dedicato alle potenzialit\u00e0 narrative della scrittura nelle professioni educative, in particolare scolastiche, attraverso la sollecitazione del racconto di episodi significativi dell\u2019esperienza, la riflessione su di essi, per ampliare la consapevolezza personale non solo degli ostacoli possibili nel lavoro quotidiano, ma anche delle risorse interne e circostanti. Docenti del seminario sono Anna Maltese e Silvia Carnisio. Dal 18 al 20 Novembre,\u00a0<em>Ampliare gli orizzonti del presente. Percezioni, azioni, immaginari, nostalgie, utopie, ascolti e scritture<\/em>, Carmine Lazzarini conduce il corso per riflettere, attraverso la scrittura autobiografica e l\u2019incontro con testi letterari, noti e \u00a0meno noti, sulla coscienza del presente, del qui e ora, che si dilata nei viaggi nel tempo ricordato, spesso carichi \u201cnostalgia\u201d, e nella proiezione verso un futuro arricchito di sogni, speranze, fantasie e utopie di un mondo possibile, che non esiste, ma pu\u00f2 esistere nel desiderio del rinnovamento. Per muoversi verso orizzonti possibili per il nostro agire quotidiano, da vivere in contatto costante con la parte pi\u00f9 intima di noi stessi e il volto pi\u00f9 vero di chi ci cammina accanto.\u00a0<\/p>\n\n\n\n<p><strong><a href=\"https:\/\/customer8239.musvc1.net\/e\/t?q=8%3dSRDd%267%3dQ%26y%3dYTR%26z%3dYLRD%26P%3d3J56v1lKD_Hbxk_Sl_Mlsa_W1_Hbxk_RqA0Hx.E0JqJCCpP.xEx_Mlsa_W1VKWPTGdOXGeNVK%269%3d8K4QxQ.y0E%2694%3ddPX&amp;mupckp=mupAtu4m8OiX0wt\" target=\"_blank\" rel=\"noreferrer noopener\">Clicca qui<\/a><\/strong>&nbsp;per l&#8217;iscrizione.<\/p>\n\n\n\n<p>Molte le occasioni, quindi, per entrare nelle possibili diramazioni che la scrittura autobiografica e il racconto di s\u00e9 offrono, vi aspettiamo ad Anghiari, dunque, dal 30 Settembre al 2 Ottobre, oppure in uno dei seminari, o ancora, se avete da tempo il desiderio di scrivere la vostra storia, nel corso Graphein. Ma vi aspettiamo anche laddove vi siano referenti che conducono un laboratorio di scrittura autobiografica. Ricordiamo che \u00e8 possibile richiedere qualsiasi tipo di informazione scrivendo a\u00a0<a rel=\"noreferrer noopener\" href=\"https:\/\/customer8239.musvc1.net\/e\/t?q=6%3dSROb%267%3dQ%260%3dWTR%26A%3dWLRO%26N%3d8154v1wEEE_Dtnp_O4D53KzJ1K41_Dtnp_Pc7Kw.BE%264%3d9NDLyT.95F%26BD%3dYQa&amp;mupckp=mupAtu4m8OiX0wt\" target=\"_blank\">segreteria@lua.it<\/a>,\u00a0visitare il sito\u00a0<a rel=\"noreferrer noopener\" href=\"https:\/\/customer8239.musvc1.net\/e\/t?q=9%3dFR4e%26t%3dQ%26o%3dZGR%26p%3dZ9R4%26Q%3dpJu7i1bL_zqTv_A1_swap_3B_zqTv_06xS5.Bv7.qJ%26e%3dI3Iw99.DfP%26qI%3d0aF&amp;mupckp=mupAtu4m8OiX0wt\" target=\"_blank\">www.lua.it<\/a>, il nostro\u00a0<a rel=\"noreferrer noopener\" href=\"https:\/\/customer8239.musvc1.net\/e\/t?q=8%3d0ZHd%26n%3dY%263%3dYAZ%264%3dY3ZH%26P%3djR9Ku_PfxR_ap_MS1e_Wh_PfxR_ZuRyU.DJwR07g.A4H_tyhu_4DrCcL30n_PfxR_ZuzEXKoRn_Z28j1w2xb6if0CgE6c9p%26s%3dHwQA83.LtO%26kQ%3dNZ0&amp;mupckp=mupAtu4m8OiX0wt\" target=\"_blank\">canale youtube,<\/a>\u00a0la nostra pagina Facebook (<a rel=\"noreferrer noopener\" href=\"https:\/\/customer8239.musvc1.net\/e\/t?q=4%3dRWBZ%266%3dV%26w%3dUSW%26x%3dUKWB%26L%3d2O3GC_MZtj_Xj_IkxY_Sz_MZtj_WoNGR.o2w0kF9F.lF7_MZtj_WobEOx33JpIuAr2UIp93610%26x%3dH4JF80.EyO%26rJ%3d2u6jSZG&amp;mupckp=mupAtu4m8OiX0wt\" target=\"_blank\">pagina FB<\/a>) e sul gruppo Libera Universit\u00e0 dell&#8217;Autobiografia &#8211; la community.<\/p>\n","protected":false},"excerpt":{"rendered":"<p>UN PAESE VUOL DIRE NON ESSERE SOLI IL FESTIVAL DELL\u2019AUTOBIOGRAFIA AD ANGHIARI, DAL 30 SETTEMBRE AL 2 OTTOBRE\u00a0<\/p>\n","protected":false},"author":1,"featured_media":0,"comment_status":"open","ping_status":"open","sticky":false,"template":"","format":"standard","meta":{"_joinchat":[]},"categories":[1],"tags":[],"_links":{"self":[{"href":"https:\/\/www.radioribelle.it\/index.php\/wp-json\/wp\/v2\/posts\/4671"}],"collection":[{"href":"https:\/\/www.radioribelle.it\/index.php\/wp-json\/wp\/v2\/posts"}],"about":[{"href":"https:\/\/www.radioribelle.it\/index.php\/wp-json\/wp\/v2\/types\/post"}],"author":[{"embeddable":true,"href":"https:\/\/www.radioribelle.it\/index.php\/wp-json\/wp\/v2\/users\/1"}],"replies":[{"embeddable":true,"href":"https:\/\/www.radioribelle.it\/index.php\/wp-json\/wp\/v2\/comments?post=4671"}],"version-history":[{"count":1,"href":"https:\/\/www.radioribelle.it\/index.php\/wp-json\/wp\/v2\/posts\/4671\/revisions"}],"predecessor-version":[{"id":4673,"href":"https:\/\/www.radioribelle.it\/index.php\/wp-json\/wp\/v2\/posts\/4671\/revisions\/4673"}],"wp:attachment":[{"href":"https:\/\/www.radioribelle.it\/index.php\/wp-json\/wp\/v2\/media?parent=4671"}],"wp:term":[{"taxonomy":"category","embeddable":true,"href":"https:\/\/www.radioribelle.it\/index.php\/wp-json\/wp\/v2\/categories?post=4671"},{"taxonomy":"post_tag","embeddable":true,"href":"https:\/\/www.radioribelle.it\/index.php\/wp-json\/wp\/v2\/tags?post=4671"}],"curies":[{"name":"wp","href":"https:\/\/api.w.org\/{rel}","templated":true}]}}