{"id":46752,"date":"2025-10-08T06:50:00","date_gmt":"2025-10-08T04:50:00","guid":{"rendered":"https:\/\/www.radioribelle.it\/?p=46752"},"modified":"2025-10-07T17:06:24","modified_gmt":"2025-10-07T15:06:24","slug":"7-ottobre-e-24-febbraio-e-cambiato-tutto-anche-leconomia","status":"publish","type":"post","link":"https:\/\/www.radioribelle.it\/index.php\/2025\/10\/08\/7-ottobre-e-24-febbraio-e-cambiato-tutto-anche-leconomia\/","title":{"rendered":"7 Ottobre e 24 febbraio. E\u2019 cambiato tutto, anche l\u2019economia"},"content":{"rendered":"\n<div class=\"wp-block-image\"><figure class=\"alignright size-large is-resized\"><img loading=\"lazy\" src=\"https:\/\/www.radioribelle.it\/wp-content\/uploads\/2025\/10\/palestina-1024x683.jpg\" alt=\"\" class=\"wp-image-46754\" width=\"-538\" height=\"-358\" srcset=\"https:\/\/www.radioribelle.it\/wp-content\/uploads\/2025\/10\/palestina-1024x683.jpg 1024w, https:\/\/www.radioribelle.it\/wp-content\/uploads\/2025\/10\/palestina-300x200.jpg 300w, https:\/\/www.radioribelle.it\/wp-content\/uploads\/2025\/10\/palestina-768x512.jpg 768w, https:\/\/www.radioribelle.it\/wp-content\/uploads\/2025\/10\/palestina-1536x1024.jpg 1536w, https:\/\/www.radioribelle.it\/wp-content\/uploads\/2025\/10\/palestina-2048x1366.jpg 2048w, https:\/\/www.radioribelle.it\/wp-content\/uploads\/2025\/10\/palestina-619x413.jpg 619w\" sizes=\"(max-width: 1024px) 100vw, 1024px\" \/><\/figure><\/div>\n\n\n\n<div class=\"wp-block-image\"><figure class=\"alignright size-full is-resized\"><img loading=\"lazy\" src=\"https:\/\/www.radioribelle.it\/wp-content\/uploads\/2025\/10\/ucraina.jpg\" alt=\"\" class=\"wp-image-46753\" width=\"298\" height=\"155\" srcset=\"https:\/\/www.radioribelle.it\/wp-content\/uploads\/2025\/10\/ucraina.jpg 311w, https:\/\/www.radioribelle.it\/wp-content\/uploads\/2025\/10\/ucraina-300x156.jpg 300w\" sizes=\"(max-width: 298px) 100vw, 298px\" \/><\/figure><\/div>\n\n\n\n<p>Coi massacri di Hamas del 7 Ottobre 2023 verso gli israeliani, \u00e8 cambiato tutto. L\u2019equilibrio non c\u2019\u00e8 pi\u00f9 (Gaza ai palestinesi fu una molto contrastata cessione di Israele). La reazione del governo israeliano, giustificata per riprendersi gli ostaggi, continua senza fine.<\/p>\n\n\n\n<!--more-->\n\n\n\n<p>Anche con l\u2019invasione russa dell\u2019Ucraina, 24 Febbraio 2022, \u00e8 cambiato tutto. L\u2019equilibrio post caduta del muro di Berlino non c\u2019\u00e8 pi\u00f9. Le azioni di Putin, ufficialmente per proteggere il suo Paese, sono diventate pretese territoriali e occasione per rimettere in discussione gli equilibri del Pianeta. I linguaggi e modi politici, in tutto il mondo, sono diventati selvaggi. Tant\u2019\u00e8 che un ultimatum come quello proposto dal presidente Usa per Gaza, viene chiamato piano di pace, ed \u00e8 complicato pensare che potrebbe esserci qualcosa di diverso. E la disponibilit\u00e0 di Putin alla pace significa dover fare solo quel che vuole lui. Le conseguenze in Italia (che portiamo come un esempio tra tanti) sono disastrose. L\u2019antisemitismo, l\u2019anti-Occidente e la violenza, che sembravano marginalizzati, sono tornati in auge anche peggio di quando c\u2019era la guerra fredda, pur se in un Paese sostanzialmente indifferente e distratto (la partecipazione degli elettori ai momenti istituzonali \u00e8 in continuo calo). Questo ha ricaduta non solo su quieto vivere e sicurezza, ma anche sull\u2019economia. Al momento, come Italia e come Europa, galleggiamo. Siamo solo agli inizi della destabilizzazione, ma indicatori e \u201csentiment\u201d non preannunciano un domani di certezze, serenit\u00e0, rigogliosit\u00e0. La vicenda dell\u2019energia russa non \u00e8 ancora chiusa e ci sono difficolt\u00e0 (visto che la partita si gioca in Ue, con l&#8217;opposizione di Ungheria e Slovacchia) a capire se e quando ci sar\u00e0 un punto fermo. L\u2019aumento delle spese militari (per la difesa europea e le industrie del settore che proliferano, piuttosto che altre), e che non potrebbe essere altrimenti, \u00e8 uno di questi indicatori.<br>La chiusura di mercati da\/per Russia e alleati nonch\u00e9 (pur nella parzialit\u00e0 propagandistica del momento) Israele avranno conseguenze fino ai prezzi al dettaglio di merci e servizi del nostro quotidiano. La chiusura delle collaborazioni e scambi culturali\/educativi avranno risvolti non indifferenti.<br>Ultime, e non secondarie, le nostre vite private amicali e non solo cominciano ad essere sconvolte: quanti reggeranno la convivialit\u00e0 con antisemiti e filo Putin, anche se larvatamente manifesti e presentati come pacifismo. E, viceversa, quanti di questi pacifisti continueranno a voler essere conviviali con chi li considera antisemiti e anti-Occidente.La ricorrenza di oggi per Israele, concatenata con quella dell\u2019Ucraina, sono occasioni per fotografare la situazione e il cammino che abbiamo intrapreso. E\u2019 bene non essere indifferenti e distratti, ch\u00e9, nel caso, ci casca lo stesso tutto addosso.<\/p>\n\n\n\n<p>Vincenzo Donvito Maxia &#8211; presidente Aduc<\/p>\n","protected":false},"excerpt":{"rendered":"<p>Coi massacri di Hamas del 7 Ottobre 2023 verso gli israeliani, \u00e8 cambiato tutto. L\u2019equilibrio non c\u2019\u00e8 pi\u00f9 (Gaza ai palestinesi fu una molto contrastata cessione di Israele). La reazione del governo israeliano, giustificata per riprendersi gli ostaggi, continua senza fine.<\/p>\n","protected":false},"author":1,"featured_media":0,"comment_status":"open","ping_status":"open","sticky":false,"template":"","format":"standard","meta":{"_joinchat":[]},"categories":[1],"tags":[],"_links":{"self":[{"href":"https:\/\/www.radioribelle.it\/index.php\/wp-json\/wp\/v2\/posts\/46752"}],"collection":[{"href":"https:\/\/www.radioribelle.it\/index.php\/wp-json\/wp\/v2\/posts"}],"about":[{"href":"https:\/\/www.radioribelle.it\/index.php\/wp-json\/wp\/v2\/types\/post"}],"author":[{"embeddable":true,"href":"https:\/\/www.radioribelle.it\/index.php\/wp-json\/wp\/v2\/users\/1"}],"replies":[{"embeddable":true,"href":"https:\/\/www.radioribelle.it\/index.php\/wp-json\/wp\/v2\/comments?post=46752"}],"version-history":[{"count":2,"href":"https:\/\/www.radioribelle.it\/index.php\/wp-json\/wp\/v2\/posts\/46752\/revisions"}],"predecessor-version":[{"id":46757,"href":"https:\/\/www.radioribelle.it\/index.php\/wp-json\/wp\/v2\/posts\/46752\/revisions\/46757"}],"wp:attachment":[{"href":"https:\/\/www.radioribelle.it\/index.php\/wp-json\/wp\/v2\/media?parent=46752"}],"wp:term":[{"taxonomy":"category","embeddable":true,"href":"https:\/\/www.radioribelle.it\/index.php\/wp-json\/wp\/v2\/categories?post=46752"},{"taxonomy":"post_tag","embeddable":true,"href":"https:\/\/www.radioribelle.it\/index.php\/wp-json\/wp\/v2\/tags?post=46752"}],"curies":[{"name":"wp","href":"https:\/\/api.w.org\/{rel}","templated":true}]}}