{"id":48199,"date":"2025-11-15T12:09:00","date_gmt":"2025-11-15T11:09:00","guid":{"rendered":"https:\/\/www.radioribelle.it\/?p=48199"},"modified":"2025-11-13T14:14:09","modified_gmt":"2025-11-13T13:14:09","slug":"un-questionario-per-i-dipendenti-comunali-libero-e-anonimo","status":"publish","type":"post","link":"https:\/\/www.radioribelle.it\/index.php\/2025\/11\/15\/un-questionario-per-i-dipendenti-comunali-libero-e-anonimo\/","title":{"rendered":"Un questionario per i dipendenti comunali: libero e anonimo"},"content":{"rendered":"\n<div class=\"wp-block-image\"><figure class=\"alignright size-full\"><img loading=\"lazy\" width=\"299\" height=\"168\" src=\"https:\/\/www.radioribelle.it\/wp-content\/uploads\/2023\/11\/MENCHETTI.jpg\" alt=\"\" class=\"wp-image-20923\"\/><\/figure><\/div>\n\n\n\n<p>\u201cConfido in un\u2019adesione importante da parte dei dipendenti comunali al questionario che ho articolato in 14 punti, ciascuno dei quali scomposto in una serie di domande proposte in forma totalmente anonima, per valutare l\u2019indice di gradimento rispetto al proprio lavoro<\/p>\n\n\n\n<!--more-->\n\n\n\n<p>L\u2019obiettivo \u00e8 quello di avere uno spaccato degli uffici dove quotidianamente si recano oltre 500 persone, in ruoli e servizi che vanno, o dovrebbero andare, a beneficio della collettivit\u00e0. Le prime due aziende aretine, in termini di dipendenti, magari \u00e8 poco noto, sono Asl e Comune, gli enti pubblici pi\u00f9 rilevanti del territorio. Occorre dunque avere un quadro chiaro delle esigenze, dei miglioramenti da apportare, degli interventi necessari, sia in termini organizzativi, logistici, ambientali, che di benessere personale. Le domande vanno dal giudizio sulla qualit\u00e0 e salubrit\u00e0 delle stanze agli aspetti che attengono la valorizzazione professionale. Per partecipare il link \u00e8\u00a0<a rel=\"noreferrer noopener\" href=\"https:\/\/forms.gle\/Q5DH9nKsTpW8NPWx5\" target=\"_blank\">https:\/\/forms.gle\/Q5DH9nKsTpW8NPWx5<\/a>\u00a0 Il sindaco che assumer\u00e0 l\u2019incarico il prossimo anno da qui dovr\u00e0 \u2018ripartire\u2019, dalla conoscenza della macchina a disposizione. Proprio per permettere a essa di garantire performance adeguate\u201d.<\/p>\n","protected":false},"excerpt":{"rendered":"<p>\u201cConfido in un\u2019adesione importante da parte dei dipendenti comunali al questionario che ho articolato in 14 punti, ciascuno dei quali scomposto in una serie di domande proposte in forma totalmente anonima, per valutare l\u2019indice di gradimento rispetto al proprio lavoro<\/p>\n","protected":false},"author":1,"featured_media":0,"comment_status":"open","ping_status":"open","sticky":false,"template":"","format":"standard","meta":{"_joinchat":[]},"categories":[1],"tags":[],"_links":{"self":[{"href":"https:\/\/www.radioribelle.it\/index.php\/wp-json\/wp\/v2\/posts\/48199"}],"collection":[{"href":"https:\/\/www.radioribelle.it\/index.php\/wp-json\/wp\/v2\/posts"}],"about":[{"href":"https:\/\/www.radioribelle.it\/index.php\/wp-json\/wp\/v2\/types\/post"}],"author":[{"embeddable":true,"href":"https:\/\/www.radioribelle.it\/index.php\/wp-json\/wp\/v2\/users\/1"}],"replies":[{"embeddable":true,"href":"https:\/\/www.radioribelle.it\/index.php\/wp-json\/wp\/v2\/comments?post=48199"}],"version-history":[{"count":1,"href":"https:\/\/www.radioribelle.it\/index.php\/wp-json\/wp\/v2\/posts\/48199\/revisions"}],"predecessor-version":[{"id":48200,"href":"https:\/\/www.radioribelle.it\/index.php\/wp-json\/wp\/v2\/posts\/48199\/revisions\/48200"}],"wp:attachment":[{"href":"https:\/\/www.radioribelle.it\/index.php\/wp-json\/wp\/v2\/media?parent=48199"}],"wp:term":[{"taxonomy":"category","embeddable":true,"href":"https:\/\/www.radioribelle.it\/index.php\/wp-json\/wp\/v2\/categories?post=48199"},{"taxonomy":"post_tag","embeddable":true,"href":"https:\/\/www.radioribelle.it\/index.php\/wp-json\/wp\/v2\/tags?post=48199"}],"curies":[{"name":"wp","href":"https:\/\/api.w.org\/{rel}","templated":true}]}}