{"id":48440,"date":"2025-11-19T17:09:25","date_gmt":"2025-11-19T16:09:25","guid":{"rendered":"https:\/\/www.radioribelle.it\/?p=48440"},"modified":"2025-11-19T17:09:26","modified_gmt":"2025-11-19T16:09:26","slug":"amare-e-unaltra-cosa-2025","status":"publish","type":"post","link":"https:\/\/www.radioribelle.it\/index.php\/2025\/11\/19\/amare-e-unaltra-cosa-2025\/","title":{"rendered":"Amare \u00e8 un\u2019altra cosa 2025"},"content":{"rendered":"\n<div class=\"wp-block-image\"><figure class=\"alignright size-large is-resized\"><img loading=\"lazy\" src=\"https:\/\/www.radioribelle.it\/wp-content\/uploads\/2025\/11\/opera-1-Francesca-De-Angelis-DIVORATI-942x1024.jpg\" alt=\"\" class=\"wp-image-48443\" width=\"231\" height=\"251\" srcset=\"https:\/\/www.radioribelle.it\/wp-content\/uploads\/2025\/11\/opera-1-Francesca-De-Angelis-DIVORATI-942x1024.jpg 942w, https:\/\/www.radioribelle.it\/wp-content\/uploads\/2025\/11\/opera-1-Francesca-De-Angelis-DIVORATI-276x300.jpg 276w, https:\/\/www.radioribelle.it\/wp-content\/uploads\/2025\/11\/opera-1-Francesca-De-Angelis-DIVORATI-768x835.jpg 768w, https:\/\/www.radioribelle.it\/wp-content\/uploads\/2025\/11\/opera-1-Francesca-De-Angelis-DIVORATI-1413x1536.jpg 1413w, https:\/\/www.radioribelle.it\/wp-content\/uploads\/2025\/11\/opera-1-Francesca-De-Angelis-DIVORATI-619x673.jpg 619w, https:\/\/www.radioribelle.it\/wp-content\/uploads\/2025\/11\/opera-1-Francesca-De-Angelis-DIVORATI.jpg 1500w\" sizes=\"(max-width: 231px) 100vw, 231px\" \/><\/figure><\/div>\n\n\n\n<p>AREZZO \u2013 Dal 22 novembre all\u20198 dicembre 2025\u00a0l\u2019associazione culturale\u00a0Art-Ec\u00f2\u00a0organizza la sesta edizione di\u00a0<em>\u201cAmare \u00e8 un\u2019altra cosa\u201d<\/em>, mostra collettiva d\u2019arte contemporanea contro la violenza di genere. Quest\u2019anno l\u2019evento \u00e8 allestito negli affascinanti spazi del centro d\u2019arte\u00a0Rosy Boa\u00a0di via Cesalpino 29, ad Arezzo.<\/p>\n\n\n\n<!--more-->\n\n\n\n<p>La mostra coinvolge oltre sessanta artisti provenienti da Italia, Spagna, Stati Uniti e Ungheria, che propongono\u00a0opere eseguite con vari stili, tecniche e soggetti. Sabato 22 novembre 2025, alle ore 17, \u00e8 prevista l\u2019inaugurazione della mostra con l\u2019intervento dello storico dell\u2019arte\u00a0Andrea Baffoni. <em>\u201cLa frase che d\u00e0 il titolo alla collettiva \u00e8 un\u2019espressione comune che suggerisce che l\u2019amore \u00e8 un\u2019esperienza profonda e intensa, qualcosa di unico e speciale che va oltre le parole e le azioni<\/em>\u00a0\u2013 sottolineano gli organizzatori. \u2013\u00a0<em>\u00c8 importante riconoscere che la violenza non \u00e8 mai accettabile, che sia materiale, psicologica o economica, e che pu\u00f2 avere conseguenze negative gravi sulla salute fisica e mentale di chi la subisce\u201d<\/em>. \u00a0\u00a0\u00a0\u00a0Marted\u00ec 25 novembre,\u00a0nel giorno in cui si celebra la\u00a0<em>\u201cGiornata internazionale per l&#8217;eliminazione della violenza contro le donne\u201d<\/em>,\u00a0alle ore 16,30\u00a0ci sar\u00e0 uno sketch teatrale in atto unico dal titolo\u00a0<em>\u201cVoce spezzata\u201d<\/em>\u00a0a cura del gruppo\u00a0Gli esonerati. Sar\u00e0 presente la scrittrice e poetessa perugina\u00a0Lolita Rinforzi, fondatrice del premio internazionale \u201cPensieri creativi \u2013 Citt\u00e0 di Assisi\u201d, che presenter\u00e0 le sue opere letterarie. <em>\u201cAmare \u00e8 un\u2019altra cosa\u201d<\/em>\u00a0sar\u00e0 visitabile, a ingresso libero, dal luned\u00ec al venerd\u00ec con orario 16-19,30. Sabato e domenica apertura dalle 10 alle 12.30 e dalle 16 alle 19.30.\u00a0<\/p>\n","protected":false},"excerpt":{"rendered":"<p>AREZZO \u2013 Dal 22 novembre all\u20198 dicembre 2025\u00a0l\u2019associazione culturale\u00a0Art-Ec\u00f2\u00a0organizza la sesta edizione di\u00a0\u201cAmare \u00e8 un\u2019altra cosa\u201d, mostra collettiva d\u2019arte contemporanea contro la violenza di genere. Quest\u2019anno l\u2019evento \u00e8 allestito negli affascinanti spazi del centro d\u2019arte\u00a0Rosy Boa\u00a0di via Cesalpino 29, ad Arezzo.<\/p>\n","protected":false},"author":1,"featured_media":0,"comment_status":"open","ping_status":"open","sticky":false,"template":"","format":"standard","meta":{"_joinchat":[]},"categories":[1],"tags":[],"_links":{"self":[{"href":"https:\/\/www.radioribelle.it\/index.php\/wp-json\/wp\/v2\/posts\/48440"}],"collection":[{"href":"https:\/\/www.radioribelle.it\/index.php\/wp-json\/wp\/v2\/posts"}],"about":[{"href":"https:\/\/www.radioribelle.it\/index.php\/wp-json\/wp\/v2\/types\/post"}],"author":[{"embeddable":true,"href":"https:\/\/www.radioribelle.it\/index.php\/wp-json\/wp\/v2\/users\/1"}],"replies":[{"embeddable":true,"href":"https:\/\/www.radioribelle.it\/index.php\/wp-json\/wp\/v2\/comments?post=48440"}],"version-history":[{"count":1,"href":"https:\/\/www.radioribelle.it\/index.php\/wp-json\/wp\/v2\/posts\/48440\/revisions"}],"predecessor-version":[{"id":48444,"href":"https:\/\/www.radioribelle.it\/index.php\/wp-json\/wp\/v2\/posts\/48440\/revisions\/48444"}],"wp:attachment":[{"href":"https:\/\/www.radioribelle.it\/index.php\/wp-json\/wp\/v2\/media?parent=48440"}],"wp:term":[{"taxonomy":"category","embeddable":true,"href":"https:\/\/www.radioribelle.it\/index.php\/wp-json\/wp\/v2\/categories?post=48440"},{"taxonomy":"post_tag","embeddable":true,"href":"https:\/\/www.radioribelle.it\/index.php\/wp-json\/wp\/v2\/tags?post=48440"}],"curies":[{"name":"wp","href":"https:\/\/api.w.org\/{rel}","templated":true}]}}