{"id":48482,"date":"2025-11-21T06:14:00","date_gmt":"2025-11-21T05:14:00","guid":{"rendered":"https:\/\/www.radioribelle.it\/?p=48482"},"modified":"2025-11-21T21:36:56","modified_gmt":"2025-11-21T20:36:56","slug":"sindaco-citta-di-castello","status":"publish","type":"post","link":"https:\/\/www.radioribelle.it\/index.php\/2025\/11\/21\/sindaco-citta-di-castello\/","title":{"rendered":"SINDACO Citt\u00e0 di Castello"},"content":{"rendered":"\n<div class=\"wp-block-image\"><figure class=\"alignright size-full\"><img loading=\"lazy\" width=\"224\" height=\"225\" src=\"https:\/\/www.radioribelle.it\/wp-content\/uploads\/2025\/11\/claudio.jpg\" alt=\"\" class=\"wp-image-48483\" srcset=\"https:\/\/www.radioribelle.it\/wp-content\/uploads\/2025\/11\/claudio.jpg 224w, https:\/\/www.radioribelle.it\/wp-content\/uploads\/2025\/11\/claudio-150x150.jpg 150w\" sizes=\"(max-width: 224px) 100vw, 224px\" \/><\/figure><\/div>\n\n\n\n<p>INTERPELLANZA SUL TRATTAMENTO \u201cDIVERSICATO\u201d DEI LAVORATORI E LE\u00a0 CAUSE CHIUSE O IN CORSO I STESSI\u00a0 LAVORATORI E SOGEPU SPA<\/p>\n\n\n\n<p>Il Sottoscritto Claudio Serafini Consigliere Comunale\u00a0 di Citt\u00e0 di Castello<\/p>\n\n\n\n<!--more-->\n\n\n\n<ul><li>Verificate le condizioni contrattuali con livelli diversi fra lavoratori che svolgono la medesima mansione;<\/li><li>Tenuto conto che questa situazione di disparit\u00e0, crea situazioni di disagio, tensione e contrasto fra gli stessi lavoratori e fra questi ultimi e l\u2019Azienda;<\/li><li>Considerato il numero dei lavoratori interinali\u00a0 o dipendenti dell\u2019Azienda;<\/li><li>Tenuto conto che l\u2019Azienda Sogep\u00f9 \u00e8 partecipata dal Comune\u00a0 al\u00a0 95% ;<\/li><li>Verificato che anche recentemente alcuni Lavoratori hanno avuto riconosciute dal Tribunale di Perugia la legittimit\u00e0 delle loro richieste diavendo riconosciuto il diritto all\u2019erogazione di indennit\u00e0\u00a0 lavorativa per la funzione svolta negata solo ad alcuni lavoratori;<\/li><li>Tenuto conto che l\u2019Azienda con determinazione , ha cercato di dimostrare le proprie ragioni e posizioni, anche di fronte\u00a0 ad argomentazioni documentate incontrovertibili presentate dai lavoratori;<\/li><\/ul>\n\n\n\n<p class=\"has-text-align-center\">I\u00a0\u00a0\u00a0 N\u00a0 T\u00a0 E\u00a0 R\u00a0 P\u00a0 E\u00a0 L\u00a0 L\u00a0 A<\/p>\n\n\n\n<p>Il Sindaco e la Giunta per conoscere :\u00a0<\/p>\n\n\n\n<p>sono al corrente della situazione e se come socio di maggioranza si ritenga di dare indicazioni al CDA per sanare tutte le situazioni di disparit\u00e0 ancora presenti ed accertate in termini di indennit\u00e0 e livelli a parit\u00e0 di mansioni svolte, al fine di ridurre il contenzioso futuro nell\u2019interssse dei lavoratori e della Azienda dal momento che come in questo caso \u00e8 costato pi\u00f9 il legale dell\u2019indennita riconosciuta ai dipendenti.\u00a0<\/p>\n\n\n\n<p>Distinti saluti<\/p>\n\n\n\n<p>Claudio Serafini\u00a0 Consigliere Comunale\u00a0 Lista Luca Secondi Sindaco<\/p>\n\n\n\n<p>Citt\u00e0 di Castello 20 Novembre\u00a0 2025\u00a0<\/p>\n","protected":false},"excerpt":{"rendered":"<p>INTERPELLANZA SUL TRATTAMENTO \u201cDIVERSICATO\u201d DEI LAVORATORI E LE\u00a0 CAUSE CHIUSE O IN CORSO I STESSI\u00a0 LAVORATORI E SOGEPU SPA Il Sottoscritto Claudio Serafini Consigliere Comunale\u00a0 di Citt\u00e0 di Castello<\/p>\n","protected":false},"author":1,"featured_media":0,"comment_status":"open","ping_status":"open","sticky":false,"template":"","format":"standard","meta":{"_joinchat":[]},"categories":[1],"tags":[],"_links":{"self":[{"href":"https:\/\/www.radioribelle.it\/index.php\/wp-json\/wp\/v2\/posts\/48482"}],"collection":[{"href":"https:\/\/www.radioribelle.it\/index.php\/wp-json\/wp\/v2\/posts"}],"about":[{"href":"https:\/\/www.radioribelle.it\/index.php\/wp-json\/wp\/v2\/types\/post"}],"author":[{"embeddable":true,"href":"https:\/\/www.radioribelle.it\/index.php\/wp-json\/wp\/v2\/users\/1"}],"replies":[{"embeddable":true,"href":"https:\/\/www.radioribelle.it\/index.php\/wp-json\/wp\/v2\/comments?post=48482"}],"version-history":[{"count":1,"href":"https:\/\/www.radioribelle.it\/index.php\/wp-json\/wp\/v2\/posts\/48482\/revisions"}],"predecessor-version":[{"id":48484,"href":"https:\/\/www.radioribelle.it\/index.php\/wp-json\/wp\/v2\/posts\/48482\/revisions\/48484"}],"wp:attachment":[{"href":"https:\/\/www.radioribelle.it\/index.php\/wp-json\/wp\/v2\/media?parent=48482"}],"wp:term":[{"taxonomy":"category","embeddable":true,"href":"https:\/\/www.radioribelle.it\/index.php\/wp-json\/wp\/v2\/categories?post=48482"},{"taxonomy":"post_tag","embeddable":true,"href":"https:\/\/www.radioribelle.it\/index.php\/wp-json\/wp\/v2\/tags?post=48482"}],"curies":[{"name":"wp","href":"https:\/\/api.w.org\/{rel}","templated":true}]}}