{"id":49320,"date":"2025-12-11T08:24:00","date_gmt":"2025-12-11T07:24:00","guid":{"rendered":"https:\/\/www.radioribelle.it\/?p=49320"},"modified":"2025-12-10T14:27:29","modified_gmt":"2025-12-10T13:27:29","slug":"ordinanza-chiusura-asilo-bagnoro","status":"publish","type":"post","link":"https:\/\/www.radioribelle.it\/index.php\/2025\/12\/11\/ordinanza-chiusura-asilo-bagnoro\/","title":{"rendered":"ORDINANZA CHIUSURA ASILO BAGNORO"},"content":{"rendered":"\n<div class=\"wp-block-image\"><figure class=\"alignleft size-full\"><img loading=\"lazy\" width=\"225\" height=\"225\" src=\"https:\/\/www.radioribelle.it\/wp-content\/uploads\/2025\/12\/bagnoro.jpg\" alt=\"\" class=\"wp-image-49321\" srcset=\"https:\/\/www.radioribelle.it\/wp-content\/uploads\/2025\/12\/bagnoro.jpg 225w, https:\/\/www.radioribelle.it\/wp-content\/uploads\/2025\/12\/bagnoro-150x150.jpg 150w\" sizes=\"(max-width: 225px) 100vw, 225px\" \/><\/figure><\/div>\n\n\n\n<p>AREZZO &#8211; Interruzione della fornitura di energia elettrica.\u00a0Disposta la chiusura dell&#8217;asilo nido Il Bagnoro A seguito della comunicazione da parte del fornitore della interruzione di energia elettrica per la giornata di gioved\u00ec 11 dicembre dalle ore 8:00 alle ore 16:00 in localit\u00e0 Bagnoro, considerata l&#8217;indispensabilit\u00e0 della fornitura per il regolare svolgimento delle attivit\u00e0 scolastiche e per il regolare funzionamento dell\u2019impianto di riscaldamento dell&#8217;immobile, per la stessa giornata di gioved\u00ec \u00e8 stata disposta con ordinanza del Sindaco la chiusura dell&#8217;asilo nido Il Bagnoro, loc. Bagnoro 1.<\/p>\n","protected":false},"excerpt":{"rendered":"<p>AREZZO &#8211; Interruzione della fornitura di energia elettrica.\u00a0Disposta la chiusura dell&#8217;asilo nido Il Bagnoro A seguito della comunicazione da parte del fornitore della interruzione di energia elettrica per la giornata di gioved\u00ec 11 dicembre dalle ore 8:00 alle ore 16:00 in localit\u00e0 Bagnoro, considerata l&#8217;indispensabilit\u00e0 della fornitura per il regolare svolgimento delle attivit\u00e0 scolastiche e [&hellip;]<\/p>\n","protected":false},"author":1,"featured_media":0,"comment_status":"open","ping_status":"open","sticky":false,"template":"","format":"standard","meta":{"_joinchat":[]},"categories":[1],"tags":[],"_links":{"self":[{"href":"https:\/\/www.radioribelle.it\/index.php\/wp-json\/wp\/v2\/posts\/49320"}],"collection":[{"href":"https:\/\/www.radioribelle.it\/index.php\/wp-json\/wp\/v2\/posts"}],"about":[{"href":"https:\/\/www.radioribelle.it\/index.php\/wp-json\/wp\/v2\/types\/post"}],"author":[{"embeddable":true,"href":"https:\/\/www.radioribelle.it\/index.php\/wp-json\/wp\/v2\/users\/1"}],"replies":[{"embeddable":true,"href":"https:\/\/www.radioribelle.it\/index.php\/wp-json\/wp\/v2\/comments?post=49320"}],"version-history":[{"count":1,"href":"https:\/\/www.radioribelle.it\/index.php\/wp-json\/wp\/v2\/posts\/49320\/revisions"}],"predecessor-version":[{"id":49322,"href":"https:\/\/www.radioribelle.it\/index.php\/wp-json\/wp\/v2\/posts\/49320\/revisions\/49322"}],"wp:attachment":[{"href":"https:\/\/www.radioribelle.it\/index.php\/wp-json\/wp\/v2\/media?parent=49320"}],"wp:term":[{"taxonomy":"category","embeddable":true,"href":"https:\/\/www.radioribelle.it\/index.php\/wp-json\/wp\/v2\/categories?post=49320"},{"taxonomy":"post_tag","embeddable":true,"href":"https:\/\/www.radioribelle.it\/index.php\/wp-json\/wp\/v2\/tags?post=49320"}],"curies":[{"name":"wp","href":"https:\/\/api.w.org\/{rel}","templated":true}]}}