{"id":50252,"date":"2026-01-09T11:01:00","date_gmt":"2026-01-09T10:01:00","guid":{"rendered":"https:\/\/www.radioribelle.it\/?p=50252"},"modified":"2026-01-08T14:32:55","modified_gmt":"2026-01-08T13:32:55","slug":"tanti-focus-pronto-soccorso","status":"publish","type":"post","link":"https:\/\/www.radioribelle.it\/index.php\/2026\/01\/09\/tanti-focus-pronto-soccorso\/","title":{"rendered":"Tanti: focus pronto soccorso"},"content":{"rendered":"\n<div class=\"wp-block-image\"><figure class=\"alignleft size-full\"><img loading=\"lazy\" width=\"225\" height=\"225\" src=\"https:\/\/www.radioribelle.it\/wp-content\/uploads\/2025\/08\/tanti.jpg\" alt=\"\" class=\"wp-image-44294\" srcset=\"https:\/\/www.radioribelle.it\/wp-content\/uploads\/2025\/08\/tanti.jpg 225w, https:\/\/www.radioribelle.it\/wp-content\/uploads\/2025\/08\/tanti-150x150.jpg 150w\" sizes=\"(max-width: 225px) 100vw, 225px\" \/><\/figure><\/div>\n\n\n\n<p>Proposta la data per l&#8217;incontro con la ASL.\u00a0Questo confronto sar\u00e0 la VIII Edizione degli Stati generali della sanit\u00e0 aretina.\u00a0Prima il confronto, se non baster\u00e0 allora passeremo alla protesta &#8220;Ho suggerito il 22 di gennaio chiedendo di coinvolgere i sindaci, i sindacati ed il comitato di partecipazione. Certa della piena disponibilit\u00e0 della ASL,\u00a0inviter\u00f2 anche l&#8217;assessore regionale&#8221;<\/p>\n\n\n\n<!--more-->\n\n\n\n<p>\u201cCome anticipato dopo le numerose criticit\u00e0 emerse sul Pronto Soccorso del San Donato, ho fatto seguire una formale richiesta alla Direzione generale della ASL per fissare a stretto giro un incontro che ci possa dare tutte le informazioni in merito ai rimedi strutturali, non pi\u00f9 rinviabili, che sono stati predisposti e che dovranno essere resi operativi nel pi\u00f9 breve tempo possibile. Un incontro che vede gi\u00e0 una proposta di data &#8211; il 22 gennaio alle 10:30 &#8211; e che vorrei fosse online proprio per dare modo a tutti i sindaci, non solo a quelli della zona aretina, ai sindacati, al comitato di partecipazione e a chi ne far\u00e0 richiesta &#8211; penso in particolare alle associazioni di volontariato e alle pubbliche assistenze &#8211; di potersi collegare ed essere quindi partecipi di questo importante scambio di idee. Ho anche deciso che questo momento, per l&#8217;importanza che ha, coincider\u00e0 con la VIII edizione degli Stati generali della sanit\u00e0 aretina. Gli Stati generali della sanit\u00e0 sono nati, molti anni fa, con lo scopo di rendere le politiche sanitarie patrimonio comune e di innescare meccanismi di partecipazione e di confronto tra tutte le istituzioni e i cittadini: credo quindi che il focus sul pronto soccorso abbia tutte le caratteristiche per animare questa edizione. Il mio obiettivo \u00e8 quello di permettere alla ASL di poter condividere soluzioni e proposte in un&#8217;ottica di leale collaborazione e al tempo stesso di consentire a questa citt\u00e0 di capire quali risposte sono in procinto di arrivare per mettere fine ad una situazione di incertezza che mortifica tutti: operatori sanitari, istituzioni e cittadini.<\/p>\n\n\n\n<p>Appena avr\u00f2 conferma dalla ASL della data sar\u00e0 mia cura invitare l&#8217;assessore alla sanit\u00e0 della Regione Toscana cos\u00ec che possa, se vuole, trovare un luogo rappresentativo per rassicurare tutta la comunit\u00e0 aretina circa il fatto che anche da Firenze \u00e8 chiaro che cos\u00ec non va e che molte cose devono essere cambiate. Come istituzione il primo passo che faremo sar\u00e0 quello di offrire l&#8217;occasione per un confronto costruttivo, tuttavia se le risposte non saranno come ci aspettiamo e soprattutto non ci sar\u00e0 da parte della politica regionale una presa d&#8217;atto concreta, a questo punto non posso escludere anche azioni di protesta, pacata ma fermissima e pubblica\u201d.<\/p>\n","protected":false},"excerpt":{"rendered":"<p>Proposta la data per l&#8217;incontro con la ASL.\u00a0Questo confronto sar\u00e0 la VIII Edizione degli Stati generali della sanit\u00e0 aretina.\u00a0Prima il confronto, se non baster\u00e0 allora passeremo alla protesta &#8220;Ho suggerito il 22 di gennaio chiedendo di coinvolgere i sindaci, i sindacati ed il comitato di partecipazione. Certa della piena disponibilit\u00e0 della ASL,\u00a0inviter\u00f2 anche l&#8217;assessore regionale&#8221;<\/p>\n","protected":false},"author":1,"featured_media":0,"comment_status":"open","ping_status":"open","sticky":false,"template":"","format":"standard","meta":{"_joinchat":[]},"categories":[1],"tags":[],"_links":{"self":[{"href":"https:\/\/www.radioribelle.it\/index.php\/wp-json\/wp\/v2\/posts\/50252"}],"collection":[{"href":"https:\/\/www.radioribelle.it\/index.php\/wp-json\/wp\/v2\/posts"}],"about":[{"href":"https:\/\/www.radioribelle.it\/index.php\/wp-json\/wp\/v2\/types\/post"}],"author":[{"embeddable":true,"href":"https:\/\/www.radioribelle.it\/index.php\/wp-json\/wp\/v2\/users\/1"}],"replies":[{"embeddable":true,"href":"https:\/\/www.radioribelle.it\/index.php\/wp-json\/wp\/v2\/comments?post=50252"}],"version-history":[{"count":1,"href":"https:\/\/www.radioribelle.it\/index.php\/wp-json\/wp\/v2\/posts\/50252\/revisions"}],"predecessor-version":[{"id":50253,"href":"https:\/\/www.radioribelle.it\/index.php\/wp-json\/wp\/v2\/posts\/50252\/revisions\/50253"}],"wp:attachment":[{"href":"https:\/\/www.radioribelle.it\/index.php\/wp-json\/wp\/v2\/media?parent=50252"}],"wp:term":[{"taxonomy":"category","embeddable":true,"href":"https:\/\/www.radioribelle.it\/index.php\/wp-json\/wp\/v2\/categories?post=50252"},{"taxonomy":"post_tag","embeddable":true,"href":"https:\/\/www.radioribelle.it\/index.php\/wp-json\/wp\/v2\/tags?post=50252"}],"curies":[{"name":"wp","href":"https:\/\/api.w.org\/{rel}","templated":true}]}}