{"id":50279,"date":"2026-01-10T15:28:00","date_gmt":"2026-01-10T14:28:00","guid":{"rendered":"https:\/\/www.radioribelle.it\/?p=50279"},"modified":"2026-01-10T11:39:07","modified_gmt":"2026-01-10T10:39:07","slug":"nuvolo-centenario-1926-2026","status":"publish","type":"post","link":"https:\/\/www.radioribelle.it\/index.php\/2026\/01\/10\/nuvolo-centenario-1926-2026\/","title":{"rendered":"Nuvolo Centenario 1926-2026"},"content":{"rendered":"\n<div class=\"wp-block-image\"><figure class=\"alignright size-large is-resized\"><img loading=\"lazy\" src=\"https:\/\/www.radioribelle.it\/wp-content\/uploads\/2026\/01\/nuvolo2-1024x683.jpeg\" alt=\"\" class=\"wp-image-50280\" width=\"299\" height=\"199\" srcset=\"https:\/\/www.radioribelle.it\/wp-content\/uploads\/2026\/01\/nuvolo2-1024x683.jpeg 1024w, https:\/\/www.radioribelle.it\/wp-content\/uploads\/2026\/01\/nuvolo2-300x200.jpeg 300w, https:\/\/www.radioribelle.it\/wp-content\/uploads\/2026\/01\/nuvolo2-768x512.jpeg 768w, https:\/\/www.radioribelle.it\/wp-content\/uploads\/2026\/01\/nuvolo2-619x413.jpeg 619w, https:\/\/www.radioribelle.it\/wp-content\/uploads\/2026\/01\/nuvolo2.jpeg 1229w\" sizes=\"(max-width: 299px) 100vw, 299px\" \/><\/figure><\/div>\n\n\n\n<p>Entra nel vivo il programma degli eventi. Domenica 11 gennaio 2026 in Pinacoteca, l\u2019inaugurazione della mostra del Primo Ciclo. Nel 2026 ricorre il centenario del maestro,\u00a0Giorgio Ascani,\u00a0Nuvolo\u00a0(Citt\u00e0 di Castello, 12 ottobre 1926 &#8211; 10 ottobre 2008). Associazione Archivio Nuvolo, in collaborazione con la famiglia Ascani e il comune di Citt\u00e0 di Castello hanno organizzato per l\u2019occasione una serie di eventi che riguarderanno principalmente la citt\u00e0 natale dell\u2019artista.\u00a0<\/p>\n\n\n\n<!--more-->\n\n\n\n<p><em>Domenica 11 gennaio 2026,\u00a0ore 16.30<\/em>\u00a0presso la Pinacoteca Comunale di Citt\u00e0 di Castello, verr\u00e0 inaugurata presentazione ciclica. Una mostra della durata di diciotto mesi, durante la quale ogni cinque settimane verr\u00e0 cambiato l\u2019allestimento della sala, di fatto saranno undici mostre diverse che proporranno l\u2019intero lavoro di Nuvolo dalle prime\u00a0Seroripie\u00a0del 1952 ai\u00a0Legni Collage\u00a0del 2002, la maggior parte di queste opere sono inedite o esposte in rare occasioni. Primariamente l\u2019allestimento riguarder\u00e0 \u2018Sala Nuvolo\u2019; alcuni cicli prevendono anche il coinvolgimento della \u2018Sala Nuove Acquisizioni\u2019 o della \u2018Manica Lunga\u2019.\u00a0Presentazione Ciclica\u00a0terminer\u00e0 il 23 maggio 2027. Nuvolo Centenario \u00e8 un progetto del comune di Citt\u00e0 di Castello e di Archivio Nuvolo a cura di\u00a0Bruno Cor\u00e0,\u00a0Aldo Iori,\u00a0Lorenzo Fiorucci\u00a0e\u00a0Paolo Ascani, con il sostegno di regione Umbria, provincia di Perugia, Soprintendenza Archeologia, Belle Arti e Paesaggio dell\u2019Umbria, Accademia Belle Arti \u2018Pietro Vannucci\u2019 di Perugia; Fondazione Cassa di Risparmio di Citt\u00e0 di Castello, Di Donna Galleries di New York; Archivio Corrado Cagli, Fondazione Palazzo Albizzini Collezione Burri, MUA (Musei Umbri Alto Tevere), Poliedro Cultura, e il supporto di Cepu Arte. Ed \u00e8 stato riconosciuto\u00a0dal Ministero della Cultura come iniziativa di rilevante interesse culturale, attestandone il valore artistico e il contributo alla promozione del territorio. \u201cApriamo ufficialmente il Centenario di Nuvolo, che ci accompagner\u00e0 con mostre e iniziative di livello nazionale, in tutto il 2026, rappresentandone a livello culturale uno dei progetti maggiori insieme alla partecipazione dello Stendardo di Raffaello alla mostra del MET di New York. Pur nel profilo internazionale dell\u2019artista, Nuvolo ha conservato un forte legame artistico e umano con il territorio di origine. Il Centenario di Nuvolo rappresenta una ricorrenza significativa su cui convogliare risorse ed energie per il profilo dell\u2019artista e per il suo legame con la citt\u00e0. Al tempo stesso il Centenario \u00e8 anche un\u2019occasione di promozione esterna per il patrimonio culturale della citt\u00e0, e una vetrina internazionale per le collezioni contemporanee della Pinacoteca, sui cui l\u2019Amministrazione \u00e8 impegnata con un progetto specifico\u201d.\u00a0Luca Secondi, sindaco di Citt\u00e0 di Castello e\u00a0Michela Botteghi, assessore alla cultura. Nell\u2019occasione sar\u00e0 possibile acquistare presso la pinacoteca la tessera Centenario che consente l\u2019ingresso a tutte le 17 mostre in programma.<\/p>\n","protected":false},"excerpt":{"rendered":"<p>Entra nel vivo il programma degli eventi. Domenica 11 gennaio 2026 in Pinacoteca, l\u2019inaugurazione della mostra del Primo Ciclo. Nel 2026 ricorre il centenario del maestro,\u00a0Giorgio Ascani,\u00a0Nuvolo\u00a0(Citt\u00e0 di Castello, 12 ottobre 1926 &#8211; 10 ottobre 2008). Associazione Archivio Nuvolo, in collaborazione con la famiglia Ascani e il comune di Citt\u00e0 di Castello hanno organizzato per [&hellip;]<\/p>\n","protected":false},"author":1,"featured_media":0,"comment_status":"open","ping_status":"open","sticky":false,"template":"","format":"standard","meta":{"_joinchat":[]},"categories":[1],"tags":[],"_links":{"self":[{"href":"https:\/\/www.radioribelle.it\/index.php\/wp-json\/wp\/v2\/posts\/50279"}],"collection":[{"href":"https:\/\/www.radioribelle.it\/index.php\/wp-json\/wp\/v2\/posts"}],"about":[{"href":"https:\/\/www.radioribelle.it\/index.php\/wp-json\/wp\/v2\/types\/post"}],"author":[{"embeddable":true,"href":"https:\/\/www.radioribelle.it\/index.php\/wp-json\/wp\/v2\/users\/1"}],"replies":[{"embeddable":true,"href":"https:\/\/www.radioribelle.it\/index.php\/wp-json\/wp\/v2\/comments?post=50279"}],"version-history":[{"count":1,"href":"https:\/\/www.radioribelle.it\/index.php\/wp-json\/wp\/v2\/posts\/50279\/revisions"}],"predecessor-version":[{"id":50281,"href":"https:\/\/www.radioribelle.it\/index.php\/wp-json\/wp\/v2\/posts\/50279\/revisions\/50281"}],"wp:attachment":[{"href":"https:\/\/www.radioribelle.it\/index.php\/wp-json\/wp\/v2\/media?parent=50279"}],"wp:term":[{"taxonomy":"category","embeddable":true,"href":"https:\/\/www.radioribelle.it\/index.php\/wp-json\/wp\/v2\/categories?post=50279"},{"taxonomy":"post_tag","embeddable":true,"href":"https:\/\/www.radioribelle.it\/index.php\/wp-json\/wp\/v2\/tags?post=50279"}],"curies":[{"name":"wp","href":"https:\/\/api.w.org\/{rel}","templated":true}]}}